{"id":1542,"date":"2023-09-08T12:48:08","date_gmt":"2023-09-08T10:48:08","guid":{"rendered":"https:\/\/toleranciacero.org.es\/web\/?p=1542"},"modified":"2023-09-08T12:48:10","modified_gmt":"2023-09-08T10:48:10","slug":"dia-mundial-del-teaf-4","status":"publish","type":"post","link":"https:\/\/toleranciacero.org.es\/web\/dia-mundial-del-teaf-4\/","title":{"rendered":"D\u00cdA MUNDIAL DEL TEAF"},"content":{"rendered":"<div class=\"wp-block-image\">\n<figure class=\"aligncenter size-full is-resized\"><img loading=\"lazy\" decoding=\"async\" src=\"https:\/\/toleranciacero.org.es\/web\/wp-content\/uploads\/2023\/09\/FLYER-DIA-MUNDIAL-DEL-TEAF.jpg\" alt=\"\" class=\"wp-image-1543\" style=\"width:354px;height:501px\" width=\"354\" height=\"501\" srcset=\"https:\/\/toleranciacero.org.es\/web\/wp-content\/uploads\/2023\/09\/FLYER-DIA-MUNDIAL-DEL-TEAF.jpg 707w, https:\/\/toleranciacero.org.es\/web\/wp-content\/uploads\/2023\/09\/FLYER-DIA-MUNDIAL-DEL-TEAF-212x300.jpg 212w\" sizes=\"auto, (max-width: 354px) 100vw, 354px\" \/><\/figure>\n<\/div>\n\n\n<p>Desde 1999, cada 9 de septiembre se celebra el d\u00eda mundial del S\u00edndrome Alcoh\u00f3lico Fetal. Se celebra el d\u00eda 9 del 9 por los nueve meses de embarazo.<\/p>\n\n\n\n<p>El objetivo es de dar a conocer las consecuencias del consumo de alcohol durante el embarazo y las necesidades de los ni\u00f1os, adolescentes y j\u00f3venes que sufren las secuelas de la ingesta de dicha sustancia durante su gestaci\u00f3n.<\/p>\n\n\n\n<p>El alcohol es soluble en el agua y la grasa corporal, por lo que la concentraci\u00f3n de alcohol en el beb\u00e9 es casi igual al de la madre, que no necesita ser alcoh\u00f3lica para dar a luz a un beb\u00e9 con este s\u00edndrome. El riesgo se incrementa con un consumo elevado, pero incluso el llamado \u201cconsumo social\u201d puede producir da\u00f1o al feto, ya que simplemente 20 gramos de etanol ya es perjudicial. Y teniendo en cuenta que un vaso de vermut tiene 21 gramos y dos quintos de cerveza tiene 18 gramos, estas cantidades pueden parecer insignificantes, pero resultan fatales para el beb\u00e9.<\/p>\n\n\n\n<p>Aunque muchas mujeres reducen o suprimen el consumo de alcohol durante la gestaci\u00f3n, se estima que entre un 25%-50% de las mujeres embarazadas en la Uni\u00f3n Europea contin\u00faan consumiendo durante este periodo. En Espa\u00f1a, un estudio reciente indica que el 40,7% de mujeres embarazadas toma alcohol el primer mes de gestaci\u00f3n y el 17,1% sigue tomando alcohol los tres \u00faltimos meses.<\/p>\n\n\n\n<p>Por tanto, no se trata de un problema de unos pocos, sino de la sociedad en general. El S\u00edndrome Alcoh\u00f3lico Fetal se ha convertido en la Uni\u00f3n Europea en la segunda causa de retraso mental tras el s\u00edndrome de Down, siendo la \u00fanica causa cien por cien evitable.<\/p>\n\n\n\n<p>Los da\u00f1os que produce en el feto son muy numerosos: anomal\u00edas faciales caracter\u00edsticas, trastorno del neurodesarrollo, microcefalia, deterioro intelectual (leve a moderado retraso mental), d\u00e9ficit de atenci\u00f3n, hiperactividad, malformaciones card\u00edacas, tendencia al abuso de drogas y alcohol en la adolescencia y juventud, dificultades con el cumplimiento de las normas y en la aceptaci\u00f3n de la autoridad, problemas con la justicia, dificultades para gestionar el dinero y el tiempo, dificultades para llevar una vida aut\u00f3noma en la edad adulta, etc.<\/p>\n\n\n\n<p>La incidencia del TEAF en cada pa\u00eds var\u00eda. En Espa\u00f1a se calcula que puede afectar a 2 de cada 1.000 reci\u00e9n nacidos vivos, pero los Trastornos del Espectro Alcoh\u00f3lico Fetal (TEAF), que cursa con s\u00edntomas m\u00e1s sutiles (d\u00e9ficit de atenci\u00f3n, dificultades de aprendizaje y alteraciones del comportamiento, que suele estar asociado a fracaso escolar e inicio precoz del consumo excesivo de alcohol), pueden afectar a una poblaci\u00f3n 10 veces mayor.<\/p>\n\n\n\n<p>En cuanto a la poblaci\u00f3n adoptada, no hay datos oficiales, pero los ni\u00f1os procedentes tanto de adopci\u00f3n nacional como internacional, especialmente los de los pa\u00edses del Este, forman un n\u00famero significativo de afectados por el S\u00edndrome Alcoh\u00f3lico Fetal. En concreto, puede haber en torno a 20.000 menores adoptados procedentes de lo que se conoce como \u201cel cintur\u00f3n del vodka\u201d (Rusia, Bielorrusia, Ucrania y ex rep\u00fablicas sovi\u00e9ticas). Seg\u00fan datos de otros pa\u00edses donde el problema est\u00e1 m\u00e1s estudiado, como es el caso de Suecia, el TEAF afecta al 50% de los casos.<\/p>\n\n\n\n<p>No existe un tratamiento espec\u00edfico para el TEAF, por lo que es importante hacer un diagn\u00f3stico precoz y una intervenci\u00f3n temprana para que los ni\u00f1os reciban ayuda en el aprendizaje escolar y el \u00e1rea social. Igualmente importante es dotar de los recursos necesarios a adolescentes y j\u00f3venes afectados.<\/p>\n\n\n\n<p>De todas las personas con necesidades especiales, aquellas que tienen TEAF son las que menos parece que tengan ninguna necesidad especial. Si no se aportan ayudas a estas necesidades se les puede estar discriminando de una forma totalmente injusta.<\/p>\n\n\n\n<p>Tolerancia Cero se une en esta fecha a m\u00e1s de 40 organizaciones en 24 pa\u00edses del mundo en la campa\u00f1a promovida por la Alianza EUFASD , que pretende concienciar sobre los riesgos de consumir alcohol durante el embarazo y para llamar la atenci\u00f3n a las distintas administraciones (educativas, sanitarias, judiciales, etc.) de la importancia de atender las necesidades de este colectivo y de mejorar la calidad de vida de las personas afectadas de TEAF y sus familiares.<\/p>\n\n\n\n<p><\/p>\n\n\n\n<p><\/p>\n","protected":false},"excerpt":{"rendered":"<p>Desde 1999, cada 9 de septiembre se celebra el d\u00eda mundial del S\u00edndrome Alcoh\u00f3lico Fetal. Se celebra el d\u00eda 9 del 9 por los nueve meses de embarazo. El objetivo es de dar a conocer las consecuencias del consumo de alcohol durante el embarazo y las necesidades de los ni\u00f1os, adolescentes y j\u00f3venes que sufren [&hellip;]<\/p>\n","protected":false},"author":2,"featured_media":0,"comment_status":"closed","ping_status":"open","sticky":false,"template":"","format":"standard","meta":{"jetpack_post_was_ever_published":false,"_jetpack_newsletter_access":"","_jetpack_dont_email_post_to_subs":false,"_jetpack_newsletter_tier_id":0,"_jetpack_memberships_contains_paywalled_content":false,"_jetpack_memberships_contains_paid_content":false,"footnotes":"","jetpack_publicize_message":"","jetpack_publicize_feature_enabled":true,"jetpack_social_post_already_shared":true,"jetpack_social_options":{"image_generator_settings":{"template":"highway","default_image_id":0,"font":"","enabled":false},"version":2}},"categories":[20],"tags":[],"class_list":["post-1542","post","type-post","status-publish","format-standard","hentry","category-blog"],"jetpack_publicize_connections":[],"jetpack_featured_media_url":"","jetpack_sharing_enabled":true,"jetpack_shortlink":"https:\/\/wp.me\/p9arT9-oS","jetpack-related-posts":[{"id":771,"url":"https:\/\/toleranciacero.org.es\/web\/dia-mundial-del-teaf\/","url_meta":{"origin":1542,"position":0},"title":"D\u00cdA MUNDIAL DEL TEAF","author":"Tolerancia cero","date":"03\/09\/2018","format":false,"excerpt":"Desde 1999, cada 9 de septiembre se celebra el D\u00eda Mundial de los Trastornos del Espectro Alcoh\u00f3lico Fetal. Se celebra el d\u00eda 9 del 9 por los nueve meses de embarazo. \u00bfPor qu\u00e9 hace falta dedicar un d\u00eda a los efectos del consumo de alcohol durante el embarazo? De todas\u2026","rel":"","context":"En \u00abBlog\u00bb","block_context":{"text":"Blog","link":"https:\/\/toleranciacero.org.es\/web\/category\/blog\/"},"img":{"alt_text":"","src":"https:\/\/i0.wp.com\/toleranciacero.org.es\/web\/wp-content\/uploads\/2018\/08\/DI%CC%81A-MUNDIAL-DEL-TEAF-2018.png?resize=350%2C200&ssl=1","width":350,"height":200,"srcset":"https:\/\/i0.wp.com\/toleranciacero.org.es\/web\/wp-content\/uploads\/2018\/08\/DI%CC%81A-MUNDIAL-DEL-TEAF-2018.png?resize=350%2C200&ssl=1 1x, https:\/\/i0.wp.com\/toleranciacero.org.es\/web\/wp-content\/uploads\/2018\/08\/DI%CC%81A-MUNDIAL-DEL-TEAF-2018.png?resize=525%2C300&ssl=1 1.5x, https:\/\/i0.wp.com\/toleranciacero.org.es\/web\/wp-content\/uploads\/2018\/08\/DI%CC%81A-MUNDIAL-DEL-TEAF-2018.png?resize=700%2C400&ssl=1 2x"},"classes":[]},{"id":1691,"url":"https:\/\/toleranciacero.org.es\/web\/dia-mundial-del-teaf-5\/","url_meta":{"origin":1542,"position":1},"title":"D\u00cdA MUNDIAL DEL TEAF","author":"Tolerancia cero","date":"09\/09\/2024","format":false,"excerpt":"Desde 1999, cada 9 de septiembre se celebra el d\u00eda mundial del Trastorno del Espectro Alcoh\u00f3lico Fetal. Se celebra el d\u00eda 9 del 9 por los nueve meses de embarazo. El objetivo es de dar a conocer las consecuencias del consumo de alcohol durante el embarazo y las necesidades de\u2026","rel":"","context":"En \u00abBlog\u00bb","block_context":{"text":"Blog","link":"https:\/\/toleranciacero.org.es\/web\/category\/blog\/"},"img":{"alt_text":"","src":"https:\/\/i0.wp.com\/toleranciacero.org.es\/web\/wp-content\/uploads\/2017\/07\/image4173.jpg?resize=350%2C200&ssl=1","width":350,"height":200,"srcset":"https:\/\/i0.wp.com\/toleranciacero.org.es\/web\/wp-content\/uploads\/2017\/07\/image4173.jpg?resize=350%2C200&ssl=1 1x, https:\/\/i0.wp.com\/toleranciacero.org.es\/web\/wp-content\/uploads\/2017\/07\/image4173.jpg?resize=525%2C300&ssl=1 1.5x, https:\/\/i0.wp.com\/toleranciacero.org.es\/web\/wp-content\/uploads\/2017\/07\/image4173.jpg?resize=700%2C400&ssl=1 2x, https:\/\/i0.wp.com\/toleranciacero.org.es\/web\/wp-content\/uploads\/2017\/07\/image4173.jpg?resize=1050%2C600&ssl=1 3x, https:\/\/i0.wp.com\/toleranciacero.org.es\/web\/wp-content\/uploads\/2017\/07\/image4173.jpg?resize=1400%2C800&ssl=1 4x"},"classes":[]},{"id":1417,"url":"https:\/\/toleranciacero.org.es\/web\/dia-mundial-del-teaf-3\/","url_meta":{"origin":1542,"position":2},"title":"D\u00eda Mundial del TEAF","author":"Tolerancia cero","date":"09\/09\/2022","format":false,"excerpt":"Desde 1999, cada 9 de septiembre se celebra el d\u00eda mundial del S\u00edndrome Alcoh\u00f3lico Fetal. Se celebra el d\u00eda 9 del 9 por los nueve meses de embarazo. El objetivo es de dar a conocer las consecuencias del consumo de alcohol durante el embarazo y las necesidades de los ni\u00f1os,\u2026","rel":"","context":"En \u00abBlog\u00bb","block_context":{"text":"Blog","link":"https:\/\/toleranciacero.org.es\/web\/category\/blog\/"},"img":{"alt_text":"","src":"https:\/\/i0.wp.com\/toleranciacero.org.es\/web\/wp-content\/uploads\/2022\/09\/1.png?resize=350%2C200&ssl=1","width":350,"height":200,"srcset":"https:\/\/i0.wp.com\/toleranciacero.org.es\/web\/wp-content\/uploads\/2022\/09\/1.png?resize=350%2C200&ssl=1 1x, https:\/\/i0.wp.com\/toleranciacero.org.es\/web\/wp-content\/uploads\/2022\/09\/1.png?resize=525%2C300&ssl=1 1.5x, https:\/\/i0.wp.com\/toleranciacero.org.es\/web\/wp-content\/uploads\/2022\/09\/1.png?resize=700%2C400&ssl=1 2x, https:\/\/i0.wp.com\/toleranciacero.org.es\/web\/wp-content\/uploads\/2022\/09\/1.png?resize=1050%2C600&ssl=1 3x, https:\/\/i0.wp.com\/toleranciacero.org.es\/web\/wp-content\/uploads\/2022\/09\/1.png?resize=1400%2C800&ssl=1 4x"},"classes":[]},{"id":345,"url":"https:\/\/toleranciacero.org.es\/web\/dia-internacional-del-saf\/","url_meta":{"origin":1542,"position":3},"title":"D\u00eda Internacional del SAF","author":"Tolerancia Cero","date":"07\/09\/2017","format":false,"excerpt":"Desde 1999, cada 9 de septiembre se celebra el d\u00eda mundial del S\u00edndrome Alcoh\u00f3lico Fetal. Se celebra el d\u00eda 9 del 9 por los nueve meses de embarazo. El objetivo es de dar a conocer las consecuencias del consumo de alcohol durante el embarazo y las necesidades de los ni\u00f1os,\u2026","rel":"","context":"En \u00abBlog\u00bb","block_context":{"text":"Blog","link":"https:\/\/toleranciacero.org.es\/web\/category\/blog\/"},"img":{"alt_text":"","src":"https:\/\/i0.wp.com\/toleranciacero.org.es\/web\/wp-content\/uploads\/2017\/09\/Captura-de-pantalla-2017-09-08-a-las-12.32.17.png?resize=350%2C200&ssl=1","width":350,"height":200},"classes":[]},{"id":1297,"url":"https:\/\/toleranciacero.org.es\/web\/dia-mundial-del-teaf-2\/","url_meta":{"origin":1542,"position":4},"title":"D\u00cdA MUNDIAL DEL TEAF","author":"Tolerancia cero","date":"09\/09\/2021","format":false,"excerpt":"Desde 1999, cada 9 de septiembre se celebra el d\u00eda mundial del Trastorno del Espectro Alcoh\u00f3lico Fetal. Se dispuso que fuera el d\u00eda 9 del 9 por los nueve meses de embarazo. El objetivo es de dar a conocer las consecuencias del consumo de alcohol durante el embarazo y las\u2026","rel":"","context":"En \u00abBlog\u00bb","block_context":{"text":"Blog","link":"https:\/\/toleranciacero.org.es\/web\/category\/blog\/"},"img":{"alt_text":"","src":"","width":0,"height":0},"classes":[]},{"id":790,"url":"https:\/\/toleranciacero.org.es\/web\/la-importancia-de-aunar-esfuerzos\/","url_meta":{"origin":1542,"position":5},"title":"LA IMPORTANCIA DE AUNAR ESFUERZOS","author":"Tolerancia cero","date":"19\/09\/2018","format":false,"excerpt":"Este a\u00f1o, para la celebraci\u00f3n del D\u00eda Mundial de los Trastornos del Espectro Alcoh\u00f3lico Fetal, distintas asociaciones que trabajamos por conseguir diagn\u00f3sticos, recursos y herramientas para aquellos menores, adolescentes y j\u00f3venes que sufren TEAF, as\u00ed como en la prevenci\u00f3n del consumo de alcohol en el embarazo, hemos decidido aunar esfuerzos\u2026","rel":"","context":"En \u00abBlog\u00bb","block_context":{"text":"Blog","link":"https:\/\/toleranciacero.org.es\/web\/category\/blog\/"},"img":{"alt_text":"","src":"https:\/\/i0.wp.com\/toleranciacero.org.es\/web\/wp-content\/uploads\/2018\/09\/Captura-de-pantalla-2018-09-19-a-las-19.13.52-300x140.png?resize=350%2C200&ssl=1","width":350,"height":200},"classes":[]}],"jetpack_likes_enabled":true,"_links":{"self":[{"href":"https:\/\/toleranciacero.org.es\/web\/wp-json\/wp\/v2\/posts\/1542","targetHints":{"allow":["GET"]}}],"collection":[{"href":"https:\/\/toleranciacero.org.es\/web\/wp-json\/wp\/v2\/posts"}],"about":[{"href":"https:\/\/toleranciacero.org.es\/web\/wp-json\/wp\/v2\/types\/post"}],"author":[{"embeddable":true,"href":"https:\/\/toleranciacero.org.es\/web\/wp-json\/wp\/v2\/users\/2"}],"replies":[{"embeddable":true,"href":"https:\/\/toleranciacero.org.es\/web\/wp-json\/wp\/v2\/comments?post=1542"}],"version-history":[{"count":2,"href":"https:\/\/toleranciacero.org.es\/web\/wp-json\/wp\/v2\/posts\/1542\/revisions"}],"predecessor-version":[{"id":1546,"href":"https:\/\/toleranciacero.org.es\/web\/wp-json\/wp\/v2\/posts\/1542\/revisions\/1546"}],"wp:attachment":[{"href":"https:\/\/toleranciacero.org.es\/web\/wp-json\/wp\/v2\/media?parent=1542"}],"wp:term":[{"taxonomy":"category","embeddable":true,"href":"https:\/\/toleranciacero.org.es\/web\/wp-json\/wp\/v2\/categories?post=1542"},{"taxonomy":"post_tag","embeddable":true,"href":"https:\/\/toleranciacero.org.es\/web\/wp-json\/wp\/v2\/tags?post=1542"}],"curies":[{"name":"wp","href":"https:\/\/api.w.org\/{rel}","templated":true}]}}