{"id":1812,"date":"2026-01-24T13:26:53","date_gmt":"2026-01-24T11:26:53","guid":{"rendered":"https:\/\/toleranciacero.org.es\/web\/?p=1812"},"modified":"2026-01-24T14:02:59","modified_gmt":"2026-01-24T12:02:59","slug":"conectar-con-nuestros-hijs-adolescentes-con-teaf-claves-para-una-mejor-comunicacion","status":"publish","type":"post","link":"https:\/\/toleranciacero.org.es\/web\/conectar-con-nuestros-hijs-adolescentes-con-teaf-claves-para-una-mejor-comunicacion\/","title":{"rendered":"Conectar con nuestros hij@s adolescentes con TEAF: claves para una mejor comunicaci\u00f3n"},"content":{"rendered":"\n<p><\/p>\n\n\n<div class=\"wp-block-image\">\n<figure class=\"aligncenter size-full is-resized\"><img loading=\"lazy\" decoding=\"async\" width=\"640\" height=\"427\" src=\"https:\/\/toleranciacero.org.es\/web\/wp-content\/uploads\/2026\/01\/padre-y-adolescente-hablando.jpg\" alt=\"\" class=\"wp-image-1814\" style=\"aspect-ratio:1.4988472938851685;width:258px;height:auto\" srcset=\"https:\/\/toleranciacero.org.es\/web\/wp-content\/uploads\/2026\/01\/padre-y-adolescente-hablando.jpg 640w, https:\/\/toleranciacero.org.es\/web\/wp-content\/uploads\/2026\/01\/padre-y-adolescente-hablando-300x200.jpg 300w\" sizes=\"auto, (max-width: 640px) 100vw, 640px\" \/><\/figure>\n<\/div>\n\n\n<p>Dado que el TEAF (Trastorno del Espectro Alcoh\u00f3lico Fetal) es una \u00abdiscapacidad invisible\u00bb que afecta el procesamiento del lenguaje y la regulaci\u00f3n emocional, la comunicaci\u00f3n debe enfocarse en la&nbsp;<strong>conexi\u00f3n antes que en la correcci\u00f3n<\/strong>.&nbsp;<\/p>\n\n\n\n<p>A continuaci\u00f3n detallamos algunas estrategias:<\/p>\n\n\n\n<ul class=\"wp-block-list\">\n<li><strong>Observaci\u00f3n sin juicio:<\/strong>&nbsp;Describe hechos concretos y neutros (ej. \u00abVeo que los zapatos est\u00e1n en el pasillo\u00bb) en lugar de etiquetas (\u00abEres desordenado\u00bb). Los adolescentes con TEAF son altamente sensibles a la cr\u00edtica, que perciben como una amenaza.<\/li>\n\n\n\n<li><strong>Necesidades Genuinas:<\/strong>&nbsp;Reconoce que conductas \u00abdesafiantes\u00bb suelen ser intentos de satisfacer necesidades de autonom\u00eda o seguridad.<\/li>\n\n\n\n<li><strong>Sentimientos y Validaci\u00f3n:<\/strong>&nbsp;Identifica y valida la emoci\u00f3n del adolescente antes de buscar soluciones. Utiliza un vocabulario sencillo; a menudo, ellos expresan sus sentimientos a trav\u00e9s de la conducta y no de las palabras.<\/li>\n\n\n\n<li><strong>Peticiones Claras y Breves:<\/strong>&nbsp;S\u00e9 espec\u00edfico y evita el lenguaje abstracto. En lugar de \u00abp\u00f3rtate bien\u00bb, pide \u00abpor favor, pon tu ropa en el cesto ahora\u00bb.&nbsp;<\/li>\n\n\n\n<li><strong>Ser el \u00abAliado\u00bb:<\/strong>&nbsp;Cambia el tono autoritario por uno de colaboraci\u00f3n para construir la \u00abconfianza del aliado\u00bb. Esto ayuda a evitar que el adolescente se cierre emocionalmente.<\/li>\n\n\n\n<li><strong>Simplificar el mensaje:<\/strong>&nbsp;Los adolescentes con TEAF pueden tener un rendimiento inferior en comprensi\u00f3n gramatical. Usa frases cortas, evita la jerga y enf\u00f3cate en el \u00abaqu\u00ed y ahora\u00bb.<\/li>\n\n\n\n<li><strong>Dar tiempo de procesamiento:<\/strong>&nbsp;Suelen comprender y hablar con m\u00e1s facilidad de lo que pueden aplicar lo que escuchan. Permite pausas largas tras una petici\u00f3n.&nbsp;<\/li>\n\n\n\n<li><strong>Rutinas consistentes:<\/strong>&nbsp;La comunicaci\u00f3n fluye mejor en un entorno con horarios claros y espacios tranquilos que reduzcan la sobreestimulaci\u00f3n sensorial.<\/li>\n\n\n\n<li><strong>Evitar la culpa y la verg\u00fcenza:<\/strong>&nbsp;Motivar mediante \u00abdeber\u00edas\u00bb, culpas o castigos genera resentimiento y desconexi\u00f3n en j\u00f3venes con TEAF.<\/li>\n\n\n\n<li><strong>Autocuidado del cuidador:<\/strong>\u00a0Es fundamental buscar empat\u00eda externa para los propios sentimientos antes de interactuar con el adolescente, para no reaccionar desde el dolor o la frustraci\u00f3n.\u00a0<\/li>\n<\/ul>\n\n\n\n<p><strong>Marga Mu\u00f1iz Aguilar<\/strong><\/p>\n","protected":false},"excerpt":{"rendered":"<p>Dado que el TEAF (Trastorno del Espectro Alcoh\u00f3lico Fetal) es una \u00abdiscapacidad invisible\u00bb que afecta el procesamiento del lenguaje y la regulaci\u00f3n emocional, la comunicaci\u00f3n debe enfocarse en la&nbsp;conexi\u00f3n antes que en la correcci\u00f3n.&nbsp; A continuaci\u00f3n detallamos algunas estrategias: Marga Mu\u00f1iz Aguilar<\/p>\n","protected":false},"author":2,"featured_media":0,"comment_status":"closed","ping_status":"open","sticky":false,"template":"","format":"standard","meta":{"jetpack_post_was_ever_published":false,"_jetpack_newsletter_access":"","_jetpack_dont_email_post_to_subs":false,"_jetpack_newsletter_tier_id":0,"_jetpack_memberships_contains_paywalled_content":false,"_jetpack_memberships_contains_paid_content":false,"footnotes":"","jetpack_publicize_message":"","jetpack_publicize_feature_enabled":true,"jetpack_social_post_already_shared":true,"jetpack_social_options":{"image_generator_settings":{"template":"highway","default_image_id":0,"font":"","enabled":false},"version":2}},"categories":[20],"tags":[31],"class_list":["post-1812","post","type-post","status-publish","format-standard","hentry","category-blog","tag-teaf"],"jetpack_publicize_connections":[],"jetpack_featured_media_url":"","jetpack_sharing_enabled":true,"jetpack_shortlink":"https:\/\/wp.me\/p9arT9-te","jetpack-related-posts":[{"id":684,"url":"https:\/\/toleranciacero.org.es\/web\/7-ideas-equivocadas-sobre-el-saf-teaf\/","url_meta":{"origin":1812,"position":0},"title":"7 IDEAS EQUIVOCADAS SOBRE EL SAF\/TEAF","author":"Tolerancia cero","date":"03\/04\/2018","format":false,"excerpt":"Hay algunas ideas ampliamente extendidas en torno al Saf\/Teaf, que son perjudiciales para entender en toda su complejidad la situaci\u00f3n de las personas afectadas por el Saf\/Teaf. Si no se desmontan estas ideas no se puede responder de manera adecuada a sus necesidades. Antes de poder ayudar a personas con\u2026","rel":"","context":"En \u00abBlog\u00bb","block_context":{"text":"Blog","link":"https:\/\/toleranciacero.org.es\/web\/category\/blog\/"},"img":{"alt_text":"","src":"https:\/\/i0.wp.com\/toleranciacero.org.es\/web\/wp-content\/uploads\/2018\/04\/Captura-de-pantalla-2018-04-03-a-las-17.50.36-150x150.png?resize=350%2C200&ssl=1","width":350,"height":200},"classes":[]},{"id":1422,"url":"https:\/\/toleranciacero.org.es\/web\/vivir-con-teaf-por-marga-muniz-aguilar-7-ideas-equivocadas-en-torno-al-teaf-%ef%bf%bc%ef%bf%bc\/","url_meta":{"origin":1812,"position":1},"title":"Vivir con TEAF. Por Marga Mu\u00f1iz Aguilar. 7 IDEAS EQUIVOCADAS EN TORNO AL TEAF.\ufffc\ufffc","author":"Tolerancia cero","date":"04\/09\/2022","format":false,"excerpt":"Hay algunas ideas ampliamente extendidas en torno al\u00a0Trastorno del Espectro Alcoh\u00f3lico Fetal\u00a0que son perjudiciales para entender en toda su complejidad la situaci\u00f3n de las personas afectadas por el TEAF. Si no se desmontan estas ideas no se puede responder de manera adecuada a sus necesidades.Antes de poder ayudar a personas\u2026","rel":"","context":"En \u00abBlog\u00bb","block_context":{"text":"Blog","link":"https:\/\/toleranciacero.org.es\/web\/category\/blog\/"},"img":{"alt_text":"","src":"https:\/\/i0.wp.com\/adopcionpuntodeencuentro.com\/web\/wp-content\/uploads\/VIVIR-CON-TEAF-logo-450x139.jpg?resize=350%2C200","width":350,"height":200},"classes":[]},{"id":1433,"url":"https:\/\/toleranciacero.org.es\/web\/vivir-con-teaf-por-marga-muniz-aguilar-comparativa-de-las-conductas-teaf-y-las-de-trastornos-mentales-con-los-que-se-puede-llegar-a-confundir-%ef%bf%bc%ef%bf%bc\/","url_meta":{"origin":1812,"position":2},"title":"Vivir con TEAF Por Marga Mu\u00f1iz Aguilar. Comparativa de las conductas TEAF y las de Trastornos mentales con los que se puede llegar a confundir.\ufffc\ufffc","author":"Tolerancia cero","date":"14\/09\/2022","format":false,"excerpt":"A veces las conductas t\u00edpicas del Trastorno del Espectro Alcoh\u00f3lico Fetal se solapan con las propias de otros trastornos y pueden llegar a confundir, dando lugar a diagn\u00f3sticos err\u00f3neos. En la siguiente tabla se puede observar como el Teaf es un trastorno mucho m\u00e1s grave, que otros con los que\u2026","rel":"","context":"En \u00abBlog\u00bb","block_context":{"text":"Blog","link":"https:\/\/toleranciacero.org.es\/web\/category\/blog\/"},"img":{"alt_text":"","src":"https:\/\/i0.wp.com\/adopcionpuntodeencuentro.com\/web\/wp-content\/uploads\/VIVIR-CON-TEAF-logo-450x139.jpg?resize=350%2C200","width":350,"height":200},"classes":[]},{"id":1082,"url":"https:\/\/toleranciacero.org.es\/web\/7-ideas-equivocadas-en-torno-al-teaf\/","url_meta":{"origin":1812,"position":3},"title":"7 IDEAS EQUIVOCADAS EN TORNO AL TEAF","author":"Tolerancia cero","date":"16\/12\/2019","format":false,"excerpt":"Hay algunas ideas ampliamente extendidas en torno al Trastorno del Espectro Alcoh\u00f3lico Fetal que son perjudiciales para entender en toda su complejidad la situaci\u00f3n de las personas afectadas por el TEAF. Si no se desmontan estas ideas no se puede responder de manera adecuada a sus necesidades. Antes de poder\u2026","rel":"","context":"En \u00abBlog\u00bb","block_context":{"text":"Blog","link":"https:\/\/toleranciacero.org.es\/web\/category\/blog\/"},"img":{"alt_text":"","src":"https:\/\/i0.wp.com\/adopcionpuntodeencuentro.com\/web\/wp-content\/uploads\/7errores02tirita-1024x526.jpg?resize=350%2C200","width":350,"height":200,"srcset":"https:\/\/i0.wp.com\/adopcionpuntodeencuentro.com\/web\/wp-content\/uploads\/7errores02tirita-1024x526.jpg?resize=350%2C200 1x, https:\/\/i0.wp.com\/adopcionpuntodeencuentro.com\/web\/wp-content\/uploads\/7errores02tirita-1024x526.jpg?resize=525%2C300 1.5x"},"classes":[]},{"id":790,"url":"https:\/\/toleranciacero.org.es\/web\/la-importancia-de-aunar-esfuerzos\/","url_meta":{"origin":1812,"position":4},"title":"LA IMPORTANCIA DE AUNAR ESFUERZOS","author":"Tolerancia cero","date":"19\/09\/2018","format":false,"excerpt":"Este a\u00f1o, para la celebraci\u00f3n del D\u00eda Mundial de los Trastornos del Espectro Alcoh\u00f3lico Fetal, distintas asociaciones que trabajamos por conseguir diagn\u00f3sticos, recursos y herramientas para aquellos menores, adolescentes y j\u00f3venes que sufren TEAF, as\u00ed como en la prevenci\u00f3n del consumo de alcohol en el embarazo, hemos decidido aunar esfuerzos\u2026","rel":"","context":"En \u00abBlog\u00bb","block_context":{"text":"Blog","link":"https:\/\/toleranciacero.org.es\/web\/category\/blog\/"},"img":{"alt_text":"","src":"https:\/\/i0.wp.com\/toleranciacero.org.es\/web\/wp-content\/uploads\/2018\/09\/Captura-de-pantalla-2018-09-19-a-las-19.13.52-300x140.png?resize=350%2C200&ssl=1","width":350,"height":200},"classes":[]},{"id":1826,"url":"https:\/\/toleranciacero.org.es\/web\/el-teaf-no-define-quien-es\/","url_meta":{"origin":1812,"position":5},"title":"EL TEAF NO DEFINE QUI\u00c9N ES","author":"Tolerancia cero","date":"29\/01\/2026","format":false,"excerpt":"Fomentar la autoaceptaci\u00f3n y la autoestima en un hij@ con Trastorno del Espectro Alcoh\u00f3lico Fetal (TEAF) es esencial para su bienestar emocional y desarrollo personal. Aqu\u00ed tienes algunas estrategias para ayudarle a entender que el TEAF no define qui\u00e9n es: Refuerza sus fortalezas: Ay\u00fadalo a descubrir y desarrollar sus talentos\u2026","rel":"","context":"En \u00abBlog\u00bb","block_context":{"text":"Blog","link":"https:\/\/toleranciacero.org.es\/web\/category\/blog\/"},"img":{"alt_text":"","src":"https:\/\/i0.wp.com\/toleranciacero.org.es\/web\/wp-content\/uploads\/2026\/01\/Gemini_Generated_Image_zax314zax314zax3.png?resize=350%2C200&ssl=1","width":350,"height":200,"srcset":"https:\/\/i0.wp.com\/toleranciacero.org.es\/web\/wp-content\/uploads\/2026\/01\/Gemini_Generated_Image_zax314zax314zax3.png?resize=350%2C200&ssl=1 1x, https:\/\/i0.wp.com\/toleranciacero.org.es\/web\/wp-content\/uploads\/2026\/01\/Gemini_Generated_Image_zax314zax314zax3.png?resize=525%2C300&ssl=1 1.5x, https:\/\/i0.wp.com\/toleranciacero.org.es\/web\/wp-content\/uploads\/2026\/01\/Gemini_Generated_Image_zax314zax314zax3.png?resize=700%2C400&ssl=1 2x"},"classes":[]}],"jetpack_likes_enabled":true,"_links":{"self":[{"href":"https:\/\/toleranciacero.org.es\/web\/wp-json\/wp\/v2\/posts\/1812","targetHints":{"allow":["GET"]}}],"collection":[{"href":"https:\/\/toleranciacero.org.es\/web\/wp-json\/wp\/v2\/posts"}],"about":[{"href":"https:\/\/toleranciacero.org.es\/web\/wp-json\/wp\/v2\/types\/post"}],"author":[{"embeddable":true,"href":"https:\/\/toleranciacero.org.es\/web\/wp-json\/wp\/v2\/users\/2"}],"replies":[{"embeddable":true,"href":"https:\/\/toleranciacero.org.es\/web\/wp-json\/wp\/v2\/comments?post=1812"}],"version-history":[{"count":6,"href":"https:\/\/toleranciacero.org.es\/web\/wp-json\/wp\/v2\/posts\/1812\/revisions"}],"predecessor-version":[{"id":1825,"href":"https:\/\/toleranciacero.org.es\/web\/wp-json\/wp\/v2\/posts\/1812\/revisions\/1825"}],"wp:attachment":[{"href":"https:\/\/toleranciacero.org.es\/web\/wp-json\/wp\/v2\/media?parent=1812"}],"wp:term":[{"taxonomy":"category","embeddable":true,"href":"https:\/\/toleranciacero.org.es\/web\/wp-json\/wp\/v2\/categories?post=1812"},{"taxonomy":"post_tag","embeddable":true,"href":"https:\/\/toleranciacero.org.es\/web\/wp-json\/wp\/v2\/tags?post=1812"}],"curies":[{"name":"wp","href":"https:\/\/api.w.org\/{rel}","templated":true}]}}