{"id":1826,"date":"2026-01-29T19:07:38","date_gmt":"2026-01-29T17:07:38","guid":{"rendered":"https:\/\/toleranciacero.org.es\/web\/?p=1826"},"modified":"2026-04-16T18:39:13","modified_gmt":"2026-04-16T16:39:13","slug":"el-teaf-no-define-quien-es","status":"publish","type":"post","link":"https:\/\/toleranciacero.org.es\/web\/el-teaf-no-define-quien-es\/","title":{"rendered":"EL TEAF NO DEFINE QUI\u00c9N ES"},"content":{"rendered":"<div class=\"wp-block-image\">\n<figure class=\"aligncenter size-full is-resized\"><img loading=\"lazy\" decoding=\"async\" width=\"1024\" height=\"1024\" src=\"https:\/\/toleranciacero.org.es\/web\/wp-content\/uploads\/2026\/01\/Gemini_Generated_Image_zax314zax314zax3.png\" alt=\"\" class=\"wp-image-1828\" style=\"width:223px;height:auto\" srcset=\"https:\/\/toleranciacero.org.es\/web\/wp-content\/uploads\/2026\/01\/Gemini_Generated_Image_zax314zax314zax3.png 1024w, https:\/\/toleranciacero.org.es\/web\/wp-content\/uploads\/2026\/01\/Gemini_Generated_Image_zax314zax314zax3-300x300.png 300w, https:\/\/toleranciacero.org.es\/web\/wp-content\/uploads\/2026\/01\/Gemini_Generated_Image_zax314zax314zax3-150x150.png 150w, https:\/\/toleranciacero.org.es\/web\/wp-content\/uploads\/2026\/01\/Gemini_Generated_Image_zax314zax314zax3-768x768.png 768w, https:\/\/toleranciacero.org.es\/web\/wp-content\/uploads\/2026\/01\/Gemini_Generated_Image_zax314zax314zax3-60x60.png 60w\" sizes=\"auto, (max-width: 1024px) 100vw, 1024px\" \/><\/figure>\n<\/div>\n\n\n<p><\/p>\n\n\n\n<p>Fomentar la autoaceptaci\u00f3n y la autoestima en un hij@ con Trastorno del Espectro Alcoh\u00f3lico Fetal (TEAF) es esencial para su bienestar emocional y desarrollo personal. Aqu\u00ed tienes algunas estrategias para ayudarle a entender que el TEAF no define qui\u00e9n es:<\/p>\n\n\n\n<ol class=\"wp-block-list\">\n<li><strong>Refuerza sus fortalezas<\/strong>: Ay\u00fadalo a descubrir y desarrollar sus talentos e intereses. Celebrar sus logros, por peque\u00f1os que sean, fortalecer\u00e1 su confianza en s\u00ed mismo.<\/li>\n\n\n\n<li><strong>Utiliza un lenguaje positivo<\/strong>: Habla sobre el TEAF de manera comprensible y sin connotaciones negativas. Expl\u00edcale que todos tienen desaf\u00edos, pero tambi\u00e9n habilidades \u00fanicas.<\/li>\n\n\n\n<li><strong>Fomenta la resiliencia<\/strong>: Ens\u00e9\u00f1ale que cometer errores es parte del aprendizaje y que puede superar dificultades con paciencia y apoyo.<\/li>\n\n\n\n<li><strong>Proporci\u00f3nale un entorno de apoyo<\/strong>: Rod\u00e9alo de personas que lo acepten y lo animen, como familiares, amigos y profesionales.<\/li>\n\n\n\n<li><strong>Ay\u00fadalo a desarrollar estrategias de afrontamiento<\/strong>: Ens\u00e9\u00f1ale herramientas para manejar el estr\u00e9s, la frustraci\u00f3n y los desaf\u00edos diarios, como t\u00e9cnicas de respiraci\u00f3n o rutinas estructuradas.<\/li>\n\n\n\n<li><strong>Favorece la autonom\u00eda<\/strong>: Dale oportunidades de tomar decisiones y asumir responsabilidades adecuadas a su capacidad, para que sienta que tiene control sobre su vida.<\/li>\n\n\n\n<li><strong>Modelo de autoaceptaci\u00f3n<\/strong>: Muestra con tu propio ejemplo que aceptarse a uno mismo es fundamental y que el valor de una persona no est\u00e1 determinado por sus dificultades.<\/li>\n\n\n\n<li><strong>Celebra la diversidad<\/strong>: Ay\u00fadalo a comprender que todas las personas son diferentes y que la diversidad es lo que hace especial a cada uno.<\/li>\n<\/ol>\n\n\n\n<p>Apoyarlo con amor, paciencia y comprensi\u00f3n le permitir\u00e1 construir una autoestima saludable y reconocer que su valor va mucho m\u00e1s all\u00e1 del diagn\u00f3stico. \ud83d\udc99<\/p>\n\n\n\n<p><strong>MARGA MU\u00d1IZ AGUILAR<\/strong><\/p>\n\n\n\n<p><\/p>\n","protected":false},"excerpt":{"rendered":"<p>Fomentar la autoaceptaci\u00f3n y la autoestima en un hij@ con Trastorno del Espectro Alcoh\u00f3lico Fetal (TEAF) es esencial para su bienestar emocional y desarrollo personal. Aqu\u00ed tienes algunas estrategias para ayudarle a entender que el TEAF no define qui\u00e9n es: Apoyarlo con amor, paciencia y comprensi\u00f3n le permitir\u00e1 construir una autoestima saludable y reconocer que [&hellip;]<\/p>\n","protected":false},"author":2,"featured_media":0,"comment_status":"closed","ping_status":"open","sticky":false,"template":"","format":"standard","meta":{"jetpack_post_was_ever_published":true,"_jetpack_newsletter_access":"everybody","_jetpack_dont_email_post_to_subs":false,"_jetpack_newsletter_tier_id":0,"_jetpack_memberships_contains_paywalled_content":false,"_jetpack_memberships_contains_paid_content":false,"footnotes":"","jetpack_publicize_message":"","jetpack_publicize_feature_enabled":true,"jetpack_social_post_already_shared":false,"jetpack_social_options":{"image_generator_settings":{"template":"highway","default_image_id":0,"font":"","enabled":false},"version":2}},"categories":[20],"tags":[31],"class_list":["post-1826","post","type-post","status-publish","format-standard","hentry","category-blog","tag-teaf"],"jetpack_publicize_connections":[],"jetpack_featured_media_url":"","jetpack_sharing_enabled":true,"jetpack_shortlink":"https:\/\/wp.me\/p9arT9-ts","jetpack-related-posts":[{"id":684,"url":"https:\/\/toleranciacero.org.es\/web\/7-ideas-equivocadas-sobre-el-saf-teaf\/","url_meta":{"origin":1826,"position":0},"title":"7 IDEAS EQUIVOCADAS SOBRE EL SAF\/TEAF","author":"Tolerancia cero","date":"03\/04\/2018","format":false,"excerpt":"Hay algunas ideas ampliamente extendidas en torno al Saf\/Teaf, que son perjudiciales para entender en toda su complejidad la situaci\u00f3n de las personas afectadas por el Saf\/Teaf. Si no se desmontan estas ideas no se puede responder de manera adecuada a sus necesidades. Antes de poder ayudar a personas con\u2026","rel":"","context":"En \u00abBlog\u00bb","block_context":{"text":"Blog","link":"https:\/\/toleranciacero.org.es\/web\/category\/blog\/"},"img":{"alt_text":"","src":"https:\/\/i0.wp.com\/toleranciacero.org.es\/web\/wp-content\/uploads\/2018\/04\/Captura-de-pantalla-2018-04-03-a-las-17.50.36-150x150.png?resize=350%2C200&ssl=1","width":350,"height":200},"classes":[]},{"id":1082,"url":"https:\/\/toleranciacero.org.es\/web\/7-ideas-equivocadas-en-torno-al-teaf\/","url_meta":{"origin":1826,"position":1},"title":"7 IDEAS EQUIVOCADAS EN TORNO AL TEAF","author":"Tolerancia cero","date":"16\/12\/2019","format":false,"excerpt":"Hay algunas ideas ampliamente extendidas en torno al Trastorno del Espectro Alcoh\u00f3lico Fetal que son perjudiciales para entender en toda su complejidad la situaci\u00f3n de las personas afectadas por el TEAF. Si no se desmontan estas ideas no se puede responder de manera adecuada a sus necesidades. Antes de poder\u2026","rel":"","context":"En \u00abBlog\u00bb","block_context":{"text":"Blog","link":"https:\/\/toleranciacero.org.es\/web\/category\/blog\/"},"img":{"alt_text":"","src":"https:\/\/i0.wp.com\/adopcionpuntodeencuentro.com\/web\/wp-content\/uploads\/7errores02tirita-1024x526.jpg?resize=350%2C200","width":350,"height":200,"srcset":"https:\/\/i0.wp.com\/adopcionpuntodeencuentro.com\/web\/wp-content\/uploads\/7errores02tirita-1024x526.jpg?resize=350%2C200 1x, https:\/\/i0.wp.com\/adopcionpuntodeencuentro.com\/web\/wp-content\/uploads\/7errores02tirita-1024x526.jpg?resize=525%2C300 1.5x"},"classes":[]},{"id":1422,"url":"https:\/\/toleranciacero.org.es\/web\/vivir-con-teaf-por-marga-muniz-aguilar-7-ideas-equivocadas-en-torno-al-teaf-%ef%bf%bc%ef%bf%bc\/","url_meta":{"origin":1826,"position":2},"title":"Vivir con TEAF. Por Marga Mu\u00f1iz Aguilar. 7 IDEAS EQUIVOCADAS EN TORNO AL TEAF.\ufffc\ufffc","author":"Tolerancia cero","date":"04\/09\/2022","format":false,"excerpt":"Hay algunas ideas ampliamente extendidas en torno al\u00a0Trastorno del Espectro Alcoh\u00f3lico Fetal\u00a0que son perjudiciales para entender en toda su complejidad la situaci\u00f3n de las personas afectadas por el TEAF. Si no se desmontan estas ideas no se puede responder de manera adecuada a sus necesidades.Antes de poder ayudar a personas\u2026","rel":"","context":"En \u00abBlog\u00bb","block_context":{"text":"Blog","link":"https:\/\/toleranciacero.org.es\/web\/category\/blog\/"},"img":{"alt_text":"","src":"https:\/\/i0.wp.com\/adopcionpuntodeencuentro.com\/web\/wp-content\/uploads\/VIVIR-CON-TEAF-logo-450x139.jpg?resize=350%2C200","width":350,"height":200},"classes":[]},{"id":1297,"url":"https:\/\/toleranciacero.org.es\/web\/dia-mundial-del-teaf-2\/","url_meta":{"origin":1826,"position":3},"title":"D\u00cdA MUNDIAL DEL TEAF","author":"Tolerancia cero","date":"09\/09\/2021","format":false,"excerpt":"Desde 1999, cada 9 de septiembre se celebra el d\u00eda mundial del Trastorno del Espectro Alcoh\u00f3lico Fetal. Se dispuso que fuera el d\u00eda 9 del 9 por los nueve meses de embarazo. El objetivo es de dar a conocer las consecuencias del consumo de alcohol durante el embarazo y las\u2026","rel":"","context":"En \u00abBlog\u00bb","block_context":{"text":"Blog","link":"https:\/\/toleranciacero.org.es\/web\/category\/blog\/"},"img":{"alt_text":"","src":"","width":0,"height":0},"classes":[]},{"id":424,"url":"https:\/\/toleranciacero.org.es\/web\/i-jornadas-virtuales-de-teaf\/","url_meta":{"origin":1826,"position":4},"title":"I Jornadas Virtuales de TEAF","author":"Tolerancia cero","date":"15\/09\/2017","format":false,"excerpt":"Uno de los objetivos de Tolerancia Cero es responder a la necesidad de muchas familias con hijos afectados por el Trastorno del Espectro Alcoh\u00f3lico Fetal de recibir informaci\u00f3n, formaci\u00f3n, recursos y herramientas para la crianza de sus hijos e hijas, ya que con ellos no suelen funcionar las habilidades marentales\u2026","rel":"","context":"En \u00abBlog\u00bb","block_context":{"text":"Blog","link":"https:\/\/toleranciacero.org.es\/web\/category\/blog\/"},"img":{"alt_text":"","src":"https:\/\/i0.wp.com\/toleranciacero.org.es\/web\/wp-content\/uploads\/2017\/09\/Captura-de-pantalla-2017-09-15-a-las-04.53.42.png?resize=350%2C200&ssl=1","width":350,"height":200,"srcset":"https:\/\/i0.wp.com\/toleranciacero.org.es\/web\/wp-content\/uploads\/2017\/09\/Captura-de-pantalla-2017-09-15-a-las-04.53.42.png?resize=350%2C200&ssl=1 1x, https:\/\/i0.wp.com\/toleranciacero.org.es\/web\/wp-content\/uploads\/2017\/09\/Captura-de-pantalla-2017-09-15-a-las-04.53.42.png?resize=525%2C300&ssl=1 1.5x, https:\/\/i0.wp.com\/toleranciacero.org.es\/web\/wp-content\/uploads\/2017\/09\/Captura-de-pantalla-2017-09-15-a-las-04.53.42.png?resize=700%2C400&ssl=1 2x"},"classes":[]},{"id":1077,"url":"https:\/\/toleranciacero.org.es\/web\/escuela-de-familias-con-teaf\/","url_meta":{"origin":1826,"position":5},"title":"ESCUELA DE FAMILIAS CON TEAF","author":"Tolerancia cero","date":"13\/12\/2019","format":false,"excerpt":"Abierto el plazo de prescripci\u00f3n\u00a0hasta el 10 de enero de 2020 Curso online, gratutito Dirigido a familias con hijos o hijas con Trastorno del Espectro Alcoh\u00f3lico Fetal (TEAF) A trav\u00e9s del curso \u00abEscuela de Familias con TEAF\u00bb se trata de formar a las familias en la crianza y educaci\u00f3n de\u2026","rel":"","context":"En \u00abBlog\u00bb","block_context":{"text":"Blog","link":"https:\/\/toleranciacero.org.es\/web\/category\/blog\/"},"img":{"alt_text":"","src":"https:\/\/i0.wp.com\/toleranciacero.org.es\/web\/wp-content\/uploads\/2019\/12\/Captura-de-pantalla-2019-12-12-a-las-19.18.18.png?resize=350%2C200&ssl=1","width":350,"height":200},"classes":[]}],"jetpack_likes_enabled":true,"_links":{"self":[{"href":"https:\/\/toleranciacero.org.es\/web\/wp-json\/wp\/v2\/posts\/1826","targetHints":{"allow":["GET"]}}],"collection":[{"href":"https:\/\/toleranciacero.org.es\/web\/wp-json\/wp\/v2\/posts"}],"about":[{"href":"https:\/\/toleranciacero.org.es\/web\/wp-json\/wp\/v2\/types\/post"}],"author":[{"embeddable":true,"href":"https:\/\/toleranciacero.org.es\/web\/wp-json\/wp\/v2\/users\/2"}],"replies":[{"embeddable":true,"href":"https:\/\/toleranciacero.org.es\/web\/wp-json\/wp\/v2\/comments?post=1826"}],"version-history":[{"count":4,"href":"https:\/\/toleranciacero.org.es\/web\/wp-json\/wp\/v2\/posts\/1826\/revisions"}],"predecessor-version":[{"id":1832,"href":"https:\/\/toleranciacero.org.es\/web\/wp-json\/wp\/v2\/posts\/1826\/revisions\/1832"}],"wp:attachment":[{"href":"https:\/\/toleranciacero.org.es\/web\/wp-json\/wp\/v2\/media?parent=1826"}],"wp:term":[{"taxonomy":"category","embeddable":true,"href":"https:\/\/toleranciacero.org.es\/web\/wp-json\/wp\/v2\/categories?post=1826"},{"taxonomy":"post_tag","embeddable":true,"href":"https:\/\/toleranciacero.org.es\/web\/wp-json\/wp\/v2\/tags?post=1826"}],"curies":[{"name":"wp","href":"https:\/\/api.w.org\/{rel}","templated":true}]}}