{"id":469,"date":"2017-09-30T19:36:32","date_gmt":"2017-09-30T17:36:32","guid":{"rendered":"https:\/\/toleranciacero.org.es\/web\/?p=469"},"modified":"2017-09-30T19:36:32","modified_gmt":"2017-09-30T17:36:32","slug":"sesiones-grabadas-de-las-i-jornadas-virtuales-de-teaf","status":"publish","type":"post","link":"https:\/\/toleranciacero.org.es\/web\/sesiones-grabadas-de-las-i-jornadas-virtuales-de-teaf\/","title":{"rendered":"SESIONES GRABADAS DE LAS I JORNADAS VIRTUALES DE TEAF"},"content":{"rendered":"<p>&nbsp;<\/p>\n<p>&nbsp;<\/p>\n<p style=\"text-align: center;\"><img loading=\"lazy\" decoding=\"async\" class=\"alignnone size-medium wp-image-472\" src=\"https:\/\/toleranciacero.org.es\/web\/wp-content\/uploads\/2017\/09\/Captura-de-pantalla-2017-09-30-a-las-19.27.13-300x245.png\" alt=\"\" width=\"300\" height=\"245\" srcset=\"https:\/\/toleranciacero.org.es\/web\/wp-content\/uploads\/2017\/09\/Captura-de-pantalla-2017-09-30-a-las-19.27.13-300x245.png 300w, https:\/\/toleranciacero.org.es\/web\/wp-content\/uploads\/2017\/09\/Captura-de-pantalla-2017-09-30-a-las-19.27.13.png 389w\" sizes=\"auto, (max-width: 300px) 100vw, 300px\" \/><img loading=\"lazy\" decoding=\"async\" class=\"alignnone size-medium wp-image-473\" src=\"https:\/\/toleranciacero.org.es\/web\/wp-content\/uploads\/2017\/09\/Captura-de-pantalla-2017-09-30-a-las-19.31.24-300x245.png\" alt=\"\" width=\"300\" height=\"245\" srcset=\"https:\/\/toleranciacero.org.es\/web\/wp-content\/uploads\/2017\/09\/Captura-de-pantalla-2017-09-30-a-las-19.31.24-300x245.png 300w, https:\/\/toleranciacero.org.es\/web\/wp-content\/uploads\/2017\/09\/Captura-de-pantalla-2017-09-30-a-las-19.31.24.png 385w\" sizes=\"auto, (max-width: 300px) 100vw, 300px\" \/><\/p>\n<p style=\"text-align: center;\"><img loading=\"lazy\" decoding=\"async\" class=\"alignnone size-medium wp-image-474\" src=\"https:\/\/toleranciacero.org.es\/web\/wp-content\/uploads\/2017\/09\/Captura-de-pantalla-2017-09-30-a-las-19.34.05-300x245.png\" alt=\"\" width=\"300\" height=\"245\" srcset=\"https:\/\/toleranciacero.org.es\/web\/wp-content\/uploads\/2017\/09\/Captura-de-pantalla-2017-09-30-a-las-19.34.05-300x245.png 300w, https:\/\/toleranciacero.org.es\/web\/wp-content\/uploads\/2017\/09\/Captura-de-pantalla-2017-09-30-a-las-19.34.05.png 384w\" sizes=\"auto, (max-width: 300px) 100vw, 300px\" \/><\/p>\n<p>&nbsp;<\/p>\n<p style=\"text-align: center;\"><a href=\"http:\/\/www.easp.es\/jornadas-virtuales-retos-en-el-abordaje-de-los-teaf\/\">I JO<\/a><a href=\"http:\/\/www.easp.es\/jornadas-virtuales-retos-en-el-abordaje-de-los-teaf\/\">RNADAS VIRTUALES TEAF<\/a><\/p>\n<p>Para todas aquellas que no pudieron participar en directo, ofrecemos grabadas las dos sesiones. Se han inscritos entre las dos jornadas casi 500 personas (familias afectadas, \u00a0profesionales de la ense\u00f1anza, de la sanidad, de la psicolog\u00eda, profesores de Universidad, estudiantes,etc.). Estamos seguros de que esta primera actividad de Tolerancia Cero, en colaboraci\u00f3n con La Escuela Andaluza de Salud P\u00fablica y la Escuela de Familias Adoptivas, Acogedoras y Colaboradoras, ha contribuido a difundir informaci\u00f3n, herramientas y estrategias para gestionar de una manera adecuada los problemas y dificultades que viven cada d\u00eda los ni\u00f1os, adolescentes y j\u00f3venes afectados por el Trastorno del Espectro Alcoh\u00f3lico Fetal.<\/p>\n<p>Ten\u00e9is m\u00e1s informaci\u00f3n sobre Tolerancia Cero, sus objetivos y los servicios que ofrece a sus socios (grupos de apoyo emocional, servicios de consultor\u00eda educativa, sanitaria, judicial, psicol\u00f3gica, etc.) pinchando <a href=\"www.toleranciacero.org.es\">aqu\u00ed<\/a><\/p>\n<p>Damos la gracias a los y las ponentes que han participado de forma altruista y desinteresada, as\u00ed como a todas las personas que han asistido, que nos han enriquecido con sus preguntas y observaciones, a las que han escrito pidiendo m\u00e1s informaci\u00f3n, la Gu\u00eda Educativa, etc. Esta respuesta y la necesidad que existe de informaci\u00f3n y formaci\u00f3n nos ha impulsado \u00a0a organizar la siguiente actividad, que os adelantamos tendr\u00e1 como protagonistas al sistema educativo y a los profesionales de la ense\u00f1anza. Os esperamos.<\/p>\n","protected":false},"excerpt":{"rendered":"<p>&nbsp; &nbsp; &nbsp; I JORNADAS VIRTUALES TEAF Para todas aquellas que no pudieron participar en directo, ofrecemos grabadas las dos sesiones. Se han inscritos entre las dos jornadas casi 500 personas (familias afectadas, \u00a0profesionales de la ense\u00f1anza, de la sanidad, de la psicolog\u00eda, profesores de Universidad, estudiantes,etc.). Estamos seguros de que esta primera actividad de [&hellip;]<\/p>\n","protected":false},"author":2,"featured_media":0,"comment_status":"closed","ping_status":"open","sticky":false,"template":"","format":"standard","meta":{"jetpack_post_was_ever_published":false,"_jetpack_newsletter_access":"","_jetpack_dont_email_post_to_subs":false,"_jetpack_newsletter_tier_id":0,"_jetpack_memberships_contains_paywalled_content":false,"_jetpack_memberships_contains_paid_content":false,"footnotes":"","jetpack_publicize_message":"","jetpack_publicize_feature_enabled":true,"jetpack_social_post_already_shared":true,"jetpack_social_options":{"image_generator_settings":{"template":"highway","default_image_id":0,"font":"","enabled":false},"version":2}},"categories":[20],"tags":[21,33,31,34],"class_list":["post-469","post","type-post","status-publish","format-standard","hentry","category-blog","tag-saf","tag-sindrome-alcoholico-fetal","tag-teaf","tag-trastorno-del-espectro-alcoholico-fetal"],"jetpack_publicize_connections":[],"jetpack_featured_media_url":"","jetpack_sharing_enabled":true,"jetpack_shortlink":"https:\/\/wp.me\/p9arT9-7z","jetpack-related-posts":[{"id":836,"url":"https:\/\/toleranciacero.org.es\/web\/ii-jornadas-virtuales-de-teaf\/","url_meta":{"origin":469,"position":0},"title":"II JORNADAS VIRTUALES DE TEAF","author":"Tolerancia cero","date":"18\/11\/2018","format":false,"excerpt":"Por segundo a\u00f1o consecutivo organizamos en colaboraci\u00f3n con la Escuela de Familias Adoptivas, Acogedoras y Colaboradoras y la Escuela de Salud P\u00fablica las II Jornadas Virtuales de Teaf. Durante el embarazo, el embri\u00f3n y el feto se desarrollan en el \u00fatero materno y est\u00e1n expuestos a todas las sustancias consumidas\u2026","rel":"","context":"En \u00abBlog\u00bb","block_context":{"text":"Blog","link":"https:\/\/toleranciacero.org.es\/web\/category\/blog\/"},"img":{"alt_text":"","src":"https:\/\/i0.wp.com\/toleranciacero.org.es\/web\/wp-content\/uploads\/2018\/11\/Captura-de-pantalla-2018-11-18-a-las-21.11.34.png?resize=350%2C200&ssl=1","width":350,"height":200},"classes":[]},{"id":424,"url":"https:\/\/toleranciacero.org.es\/web\/i-jornadas-virtuales-de-teaf\/","url_meta":{"origin":469,"position":1},"title":"I Jornadas Virtuales de TEAF","author":"Tolerancia cero","date":"15\/09\/2017","format":false,"excerpt":"Uno de los objetivos de Tolerancia Cero es responder a la necesidad de muchas familias con hijos afectados por el Trastorno del Espectro Alcoh\u00f3lico Fetal de recibir informaci\u00f3n, formaci\u00f3n, recursos y herramientas para la crianza de sus hijos e hijas, ya que con ellos no suelen funcionar las habilidades marentales\u2026","rel":"","context":"En \u00abBlog\u00bb","block_context":{"text":"Blog","link":"https:\/\/toleranciacero.org.es\/web\/category\/blog\/"},"img":{"alt_text":"","src":"https:\/\/i0.wp.com\/toleranciacero.org.es\/web\/wp-content\/uploads\/2017\/09\/Captura-de-pantalla-2017-09-15-a-las-04.53.42.png?resize=350%2C200&ssl=1","width":350,"height":200,"srcset":"https:\/\/i0.wp.com\/toleranciacero.org.es\/web\/wp-content\/uploads\/2017\/09\/Captura-de-pantalla-2017-09-15-a-las-04.53.42.png?resize=350%2C200&ssl=1 1x, https:\/\/i0.wp.com\/toleranciacero.org.es\/web\/wp-content\/uploads\/2017\/09\/Captura-de-pantalla-2017-09-15-a-las-04.53.42.png?resize=525%2C300&ssl=1 1.5x, https:\/\/i0.wp.com\/toleranciacero.org.es\/web\/wp-content\/uploads\/2017\/09\/Captura-de-pantalla-2017-09-15-a-las-04.53.42.png?resize=700%2C400&ssl=1 2x"},"classes":[]},{"id":1446,"url":"https:\/\/toleranciacero.org.es\/web\/jornada-sobre-trastornos-del-espectro-alcoholico-fetal-teaf\/","url_meta":{"origin":469,"position":2},"title":"JORNADA SOBRE TRASTORNOS DEL ESPECTRO ALCOH\u00d3LICO FETAL (TEAF)","author":"Tolerancia cero","date":"08\/09\/2022","format":false,"excerpt":"Moderada por Joan Carles March, Codirector de la Escuela de Pacientes. Ponentes: Marga Mu\u00f1iz, orientadora escolar.Mercedes del Valle, Presidenta de la Asociaci\u00f3n a nivel nacional Visual TEAF.\u00d3scar Garc\u00eda Algar, Pediatra, Hospital Clinic de Barcelona. Las personas interesadas, podr\u00e1n seguir este encuentro en directo el viernes 9 de septiembre a las\u2026","rel":"","context":"En \u00abBlog\u00bb","block_context":{"text":"Blog","link":"https:\/\/toleranciacero.org.es\/web\/category\/blog\/"},"img":{"alt_text":"","src":"","width":0,"height":0},"classes":[]},{"id":1433,"url":"https:\/\/toleranciacero.org.es\/web\/vivir-con-teaf-por-marga-muniz-aguilar-comparativa-de-las-conductas-teaf-y-las-de-trastornos-mentales-con-los-que-se-puede-llegar-a-confundir-%ef%bf%bc%ef%bf%bc\/","url_meta":{"origin":469,"position":3},"title":"Vivir con TEAF Por Marga Mu\u00f1iz Aguilar. Comparativa de las conductas TEAF y las de Trastornos mentales con los que se puede llegar a confundir.\ufffc\ufffc","author":"Tolerancia cero","date":"14\/09\/2022","format":false,"excerpt":"A veces las conductas t\u00edpicas del Trastorno del Espectro Alcoh\u00f3lico Fetal se solapan con las propias de otros trastornos y pueden llegar a confundir, dando lugar a diagn\u00f3sticos err\u00f3neos. En la siguiente tabla se puede observar como el Teaf es un trastorno mucho m\u00e1s grave, que otros con los que\u2026","rel":"","context":"En \u00abBlog\u00bb","block_context":{"text":"Blog","link":"https:\/\/toleranciacero.org.es\/web\/category\/blog\/"},"img":{"alt_text":"","src":"https:\/\/i0.wp.com\/adopcionpuntodeencuentro.com\/web\/wp-content\/uploads\/VIVIR-CON-TEAF-logo-450x139.jpg?resize=350%2C200","width":350,"height":200},"classes":[]},{"id":1077,"url":"https:\/\/toleranciacero.org.es\/web\/escuela-de-familias-con-teaf\/","url_meta":{"origin":469,"position":4},"title":"ESCUELA DE FAMILIAS CON TEAF","author":"Tolerancia cero","date":"13\/12\/2019","format":false,"excerpt":"Abierto el plazo de prescripci\u00f3n\u00a0hasta el 10 de enero de 2020 Curso online, gratutito Dirigido a familias con hijos o hijas con Trastorno del Espectro Alcoh\u00f3lico Fetal (TEAF) A trav\u00e9s del curso \u00abEscuela de Familias con TEAF\u00bb se trata de formar a las familias en la crianza y educaci\u00f3n de\u2026","rel":"","context":"En \u00abBlog\u00bb","block_context":{"text":"Blog","link":"https:\/\/toleranciacero.org.es\/web\/category\/blog\/"},"img":{"alt_text":"","src":"https:\/\/i0.wp.com\/toleranciacero.org.es\/web\/wp-content\/uploads\/2019\/12\/Captura-de-pantalla-2019-12-12-a-las-19.18.18.png?resize=350%2C200&ssl=1","width":350,"height":200},"classes":[]},{"id":844,"url":"https:\/\/toleranciacero.org.es\/web\/video-de-la-primera-sesion-de-las-ii-jornadas-virtuales-de-teaf\/","url_meta":{"origin":469,"position":5},"title":"V\u00cdDEO DE LA PRIMERA SESI\u00d3N DE LAS II JORNADAS VIRTUALES DE TEAF","author":"Tolerancia cero","date":"23\/11\/2018","format":false,"excerpt":"Ayer, d\u00eda 22 de Noviembre se celebr\u00f3 la primera sesi\u00f3n de las II Jornadas Virtuales de TEAF. Fue una sesi\u00f3n muy interesante, ilustrativa y did\u00e1ctica sobre los criterios diagn\u00f3sticos y las valoraciones neuropsicol\u00f3gicas de aquellos menores, adolescentes y j\u00f3venes que sufrieron durante su gestaci\u00f3n los efectos del consumo de alcohol.\u2026","rel":"","context":"En \u00abBlog\u00bb","block_context":{"text":"Blog","link":"https:\/\/toleranciacero.org.es\/web\/category\/blog\/"},"img":{"alt_text":"","src":"https:\/\/i0.wp.com\/toleranciacero.org.es\/web\/wp-content\/uploads\/2018\/11\/Captura-de-pantalla-2018-11-18-a-las-21.11.34.png?resize=350%2C200&ssl=1","width":350,"height":200},"classes":[]}],"jetpack_likes_enabled":true,"_links":{"self":[{"href":"https:\/\/toleranciacero.org.es\/web\/wp-json\/wp\/v2\/posts\/469","targetHints":{"allow":["GET"]}}],"collection":[{"href":"https:\/\/toleranciacero.org.es\/web\/wp-json\/wp\/v2\/posts"}],"about":[{"href":"https:\/\/toleranciacero.org.es\/web\/wp-json\/wp\/v2\/types\/post"}],"author":[{"embeddable":true,"href":"https:\/\/toleranciacero.org.es\/web\/wp-json\/wp\/v2\/users\/2"}],"replies":[{"embeddable":true,"href":"https:\/\/toleranciacero.org.es\/web\/wp-json\/wp\/v2\/comments?post=469"}],"version-history":[{"count":4,"href":"https:\/\/toleranciacero.org.es\/web\/wp-json\/wp\/v2\/posts\/469\/revisions"}],"predecessor-version":[{"id":476,"href":"https:\/\/toleranciacero.org.es\/web\/wp-json\/wp\/v2\/posts\/469\/revisions\/476"}],"wp:attachment":[{"href":"https:\/\/toleranciacero.org.es\/web\/wp-json\/wp\/v2\/media?parent=469"}],"wp:term":[{"taxonomy":"category","embeddable":true,"href":"https:\/\/toleranciacero.org.es\/web\/wp-json\/wp\/v2\/categories?post=469"},{"taxonomy":"post_tag","embeddable":true,"href":"https:\/\/toleranciacero.org.es\/web\/wp-json\/wp\/v2\/tags?post=469"}],"curies":[{"name":"wp","href":"https:\/\/api.w.org\/{rel}","templated":true}]}}