{"id":513,"date":"2017-10-23T12:59:55","date_gmt":"2017-10-23T10:59:55","guid":{"rendered":"https:\/\/toleranciacero.org.es\/web\/?p=513"},"modified":"2017-10-24T09:54:37","modified_gmt":"2017-10-24T07:54:37","slug":"513-2","status":"publish","type":"post","link":"https:\/\/toleranciacero.org.es\/web\/513-2\/","title":{"rendered":"\u00bfTe resultan familiares estas conductas?"},"content":{"rendered":"<p><img loading=\"lazy\" decoding=\"async\" class=\"alignnone wp-image-517 size-large\" src=\"https:\/\/toleranciacero.org.es\/web\/wp-content\/uploads\/2017\/10\/3-1024x576.png\" alt=\"\" width=\"648\" height=\"365\" srcset=\"https:\/\/toleranciacero.org.es\/web\/wp-content\/uploads\/2017\/10\/3-1024x576.png 1024w, https:\/\/toleranciacero.org.es\/web\/wp-content\/uploads\/2017\/10\/3-300x169.png 300w, https:\/\/toleranciacero.org.es\/web\/wp-content\/uploads\/2017\/10\/3-768x432.png 768w, https:\/\/toleranciacero.org.es\/web\/wp-content\/uploads\/2017\/10\/3.png 1920w\" sizes=\"auto, (max-width: 648px) 100vw, 648px\" \/><\/p>\n<p>&nbsp;<\/p>\n<p>Desde la comodidad de tu propio hogar, despacho profesional o cualquier otro sitio estar\u00e1s conectado\/a a otras personas que est\u00e1n viviendo tus mismas experiencias como padres y madres.<strong>Nos proponemos terminar con ese sentimiento de soledad del que hablan muchas familias\u00a0<\/strong>al no poder compartir sus experiencias con familiares y amigos, que generalmente les acusan de ser demasiado blandos, \u00a0consentirles demasiado o simplemente \u00a0estar haci\u00e9ndolo mal. <strong>Este ser\u00e1 un espacio libre de juicios, donde aprenderemos a entender \u00a0que les pasa a las personas que sufren TEAF y otros trastornos como TA, TDAH, etc. y c\u00f3mo \u00a0ayudarles mejor<\/strong>. La sesi\u00f3n estar\u00e1 moderada por <strong>Marga Mu\u00f1iz Aguilar<\/strong>, \u00a0Orientadora Educativa, Logopeda y Terapeuta Familiar, con una larga experiencia en el tratamiento de estas conductas.<\/p>\n<p>Para tener acceso a la sesi\u00f3n virtual <strong>no se requieren conocimientos t\u00e9cnicos<\/strong> de ning\u00fan tipo. Simplemente un ordenador, tablet o m\u00f3vil \u00a0y \u00a0conexi\u00f3n a internet.<\/p>\n<p>Fecha: 27 de Octubre 2017<\/p>\n<p>Hora: 18:00 h.<\/p>\n<p>Socios:<strong> gratis<\/strong><\/p>\n<p>No socios: 10\u20ac<\/p>\n<p>Inscripci\u00f3n en <a href=\"mailto:info@toleranciacero.org.es\">info@toleranciacero.org.es<\/a><\/p>\n<p>N\u00ba de cuenta ES52 2100 7777 74 0200072118<\/p>\n<p>Pod\u00e9is <strong>enviar preguntas con antelaci\u00f3n al correo <a href=\"mailto:consultas@toleranciacero.org\">consultas@toleranciacero.org<\/a>.es<\/strong>\u00a0o hacerlas directamente en la reuni\u00f3n.<\/p>\n<p>La sesi\u00f3n ser\u00e1 grabada para aquellas personas que no puedan participar en directo o quieran volver a verla con posterioridad.<\/p>\n<p>Os esperamos.<\/p>\n","protected":false},"excerpt":{"rendered":"<p>&nbsp; Desde la comodidad de tu propio hogar, despacho profesional o cualquier otro sitio estar\u00e1s conectado\/a a otras personas que est\u00e1n viviendo tus mismas experiencias como padres y madres.Nos proponemos terminar con ese sentimiento de soledad del que hablan muchas familias\u00a0al no poder compartir sus experiencias con familiares y amigos, que generalmente les acusan de [&hellip;]<\/p>\n","protected":false},"author":2,"featured_media":0,"comment_status":"closed","ping_status":"open","sticky":false,"template":"","format":"standard","meta":{"jetpack_post_was_ever_published":false,"_jetpack_newsletter_access":"","_jetpack_dont_email_post_to_subs":false,"_jetpack_newsletter_tier_id":0,"_jetpack_memberships_contains_paywalled_content":false,"_jetpack_memberships_contains_paid_content":false,"footnotes":"","jetpack_publicize_message":"","jetpack_publicize_feature_enabled":true,"jetpack_social_post_already_shared":true,"jetpack_social_options":{"image_generator_settings":{"template":"highway","default_image_id":0,"font":"","enabled":false},"version":2}},"categories":[20],"tags":[],"class_list":["post-513","post","type-post","status-publish","format-standard","hentry","category-blog"],"jetpack_publicize_connections":[],"jetpack_featured_media_url":"","jetpack_sharing_enabled":true,"jetpack_shortlink":"https:\/\/wp.me\/p9arT9-8h","jetpack-related-posts":[{"id":479,"url":"https:\/\/toleranciacero.org.es\/web\/conductas-tipicas-del-teaf-que-suelen-ser-malinterpretadas\/","url_meta":{"origin":513,"position":0},"title":"CONDUCTAS T\u00cdPICAS DEL TEAF QUE SUELEN SER MALINTERPRETADAS","author":"Tolerancia cero","date":"17\/10\/2017","format":false,"excerpt":"\u00a0 \u00a0 Vivir con un ni\u00f1@, adolescente o joven con Trastorno del Espectro Alcoh\u00f3lico Fetal es a veces bastante complicado debido a algunas de sus conductas: se pueden mostrar rebeldes, desafiantes, tozudos, les cuesta aprender de sus errores, son desorganizados, no existe el tiempo para ellos, se les olvida lo\u2026","rel":"","context":"En \u00abBlog\u00bb","block_context":{"text":"Blog","link":"https:\/\/toleranciacero.org.es\/web\/category\/blog\/"},"img":{"alt_text":"","src":"https:\/\/i0.wp.com\/toleranciacero.org.es\/web\/wp-content\/uploads\/2017\/10\/Captura-de-pantalla-2017-10-24-a-las-09.58.40.png?resize=350%2C200&ssl=1","width":350,"height":200},"classes":[]},{"id":684,"url":"https:\/\/toleranciacero.org.es\/web\/7-ideas-equivocadas-sobre-el-saf-teaf\/","url_meta":{"origin":513,"position":1},"title":"7 IDEAS EQUIVOCADAS SOBRE EL SAF\/TEAF","author":"Tolerancia cero","date":"03\/04\/2018","format":false,"excerpt":"Hay algunas ideas ampliamente extendidas en torno al Saf\/Teaf, que son perjudiciales para entender en toda su complejidad la situaci\u00f3n de las personas afectadas por el Saf\/Teaf. Si no se desmontan estas ideas no se puede responder de manera adecuada a sus necesidades. Antes de poder ayudar a personas con\u2026","rel":"","context":"En \u00abBlog\u00bb","block_context":{"text":"Blog","link":"https:\/\/toleranciacero.org.es\/web\/category\/blog\/"},"img":{"alt_text":"","src":"https:\/\/i0.wp.com\/toleranciacero.org.es\/web\/wp-content\/uploads\/2018\/04\/Captura-de-pantalla-2018-04-03-a-las-17.50.36-150x150.png?resize=350%2C200&ssl=1","width":350,"height":200},"classes":[]},{"id":1082,"url":"https:\/\/toleranciacero.org.es\/web\/7-ideas-equivocadas-en-torno-al-teaf\/","url_meta":{"origin":513,"position":2},"title":"7 IDEAS EQUIVOCADAS EN TORNO AL TEAF","author":"Tolerancia cero","date":"16\/12\/2019","format":false,"excerpt":"Hay algunas ideas ampliamente extendidas en torno al Trastorno del Espectro Alcoh\u00f3lico Fetal que son perjudiciales para entender en toda su complejidad la situaci\u00f3n de las personas afectadas por el TEAF. Si no se desmontan estas ideas no se puede responder de manera adecuada a sus necesidades. Antes de poder\u2026","rel":"","context":"En \u00abBlog\u00bb","block_context":{"text":"Blog","link":"https:\/\/toleranciacero.org.es\/web\/category\/blog\/"},"img":{"alt_text":"","src":"https:\/\/i0.wp.com\/adopcionpuntodeencuentro.com\/web\/wp-content\/uploads\/7errores02tirita-1024x526.jpg?resize=350%2C200","width":350,"height":200,"srcset":"https:\/\/i0.wp.com\/adopcionpuntodeencuentro.com\/web\/wp-content\/uploads\/7errores02tirita-1024x526.jpg?resize=350%2C200 1x, https:\/\/i0.wp.com\/adopcionpuntodeencuentro.com\/web\/wp-content\/uploads\/7errores02tirita-1024x526.jpg?resize=525%2C300 1.5x"},"classes":[]},{"id":526,"url":"https:\/\/toleranciacero.org.es\/web\/el-impacto-de-la-adversidad-en-la-infancia-temprana\/","url_meta":{"origin":513,"position":3},"title":"EL IMPACTO DE LA ADVERSIDAD EN LA INFANCIA TEMPRANA","author":"Tolerancia cero","date":"13\/11\/2017","format":false,"excerpt":"\u00a0 El periodo comprendido entre la gestaci\u00f3n y los primeros 5 a\u00f1os de vida se conoce como infancia temprana. Es el per\u00edodo m\u00e1s intenso de desarrollo cerebral de todo el ciclo de vida, y por tanto la etapa m\u00e1s cr\u00edtica del desarrollo humano. Lo que ocurre antes del nacimiento y\u2026","rel":"","context":"En \u00abBlog\u00bb","block_context":{"text":"Blog","link":"https:\/\/toleranciacero.org.es\/web\/category\/blog\/"},"img":{"alt_text":"","src":"https:\/\/i0.wp.com\/toleranciacero.org.es\/web\/wp-content\/uploads\/2017\/11\/DIAGRAMA-def.esp_..jpg?resize=350%2C200&ssl=1","width":350,"height":200},"classes":[]},{"id":1422,"url":"https:\/\/toleranciacero.org.es\/web\/vivir-con-teaf-por-marga-muniz-aguilar-7-ideas-equivocadas-en-torno-al-teaf-%ef%bf%bc%ef%bf%bc\/","url_meta":{"origin":513,"position":4},"title":"Vivir con TEAF. Por Marga Mu\u00f1iz Aguilar. 7 IDEAS EQUIVOCADAS EN TORNO AL TEAF.\ufffc\ufffc","author":"Tolerancia cero","date":"04\/09\/2022","format":false,"excerpt":"Hay algunas ideas ampliamente extendidas en torno al\u00a0Trastorno del Espectro Alcoh\u00f3lico Fetal\u00a0que son perjudiciales para entender en toda su complejidad la situaci\u00f3n de las personas afectadas por el TEAF. Si no se desmontan estas ideas no se puede responder de manera adecuada a sus necesidades.Antes de poder ayudar a personas\u2026","rel":"","context":"En \u00abBlog\u00bb","block_context":{"text":"Blog","link":"https:\/\/toleranciacero.org.es\/web\/category\/blog\/"},"img":{"alt_text":"","src":"https:\/\/i0.wp.com\/adopcionpuntodeencuentro.com\/web\/wp-content\/uploads\/VIVIR-CON-TEAF-logo-450x139.jpg?resize=350%2C200","width":350,"height":200},"classes":[]},{"id":566,"url":"https:\/\/toleranciacero.org.es\/web\/566-2\/","url_meta":{"origin":513,"position":5},"title":"ENCUENTRO VIRTUAL: ADVERSIDAD TEMPRANA Y ESCUELA","author":"Tolerancia cero","date":"25\/11\/2017","format":false,"excerpt":"El periodo comprendido entre la gestaci\u00f3n y los primeros 5 a\u00f1os de vida se conoce como infancia temprana. Es el per\u00edodo m\u00e1s intenso de desarrollo cerebral de todo el ciclo de vida, y por tanto la etapa m\u00e1s cr\u00edtica del desarrollo humano. Lo que ocurre antes del nacimiento y en\u2026","rel":"","context":"En \u00abBlog\u00bb","block_context":{"text":"Blog","link":"https:\/\/toleranciacero.org.es\/web\/category\/blog\/"},"img":{"alt_text":"","src":"https:\/\/i0.wp.com\/toleranciacero.org.es\/web\/wp-content\/uploads\/2017\/11\/Captura-de-pantalla-2017-11-25-a-las-09.58.55.png?resize=350%2C200&ssl=1","width":350,"height":200,"srcset":"https:\/\/i0.wp.com\/toleranciacero.org.es\/web\/wp-content\/uploads\/2017\/11\/Captura-de-pantalla-2017-11-25-a-las-09.58.55.png?resize=350%2C200&ssl=1 1x, https:\/\/i0.wp.com\/toleranciacero.org.es\/web\/wp-content\/uploads\/2017\/11\/Captura-de-pantalla-2017-11-25-a-las-09.58.55.png?resize=525%2C300&ssl=1 1.5x, https:\/\/i0.wp.com\/toleranciacero.org.es\/web\/wp-content\/uploads\/2017\/11\/Captura-de-pantalla-2017-11-25-a-las-09.58.55.png?resize=700%2C400&ssl=1 2x"},"classes":[]}],"jetpack_likes_enabled":true,"_links":{"self":[{"href":"https:\/\/toleranciacero.org.es\/web\/wp-json\/wp\/v2\/posts\/513","targetHints":{"allow":["GET"]}}],"collection":[{"href":"https:\/\/toleranciacero.org.es\/web\/wp-json\/wp\/v2\/posts"}],"about":[{"href":"https:\/\/toleranciacero.org.es\/web\/wp-json\/wp\/v2\/types\/post"}],"author":[{"embeddable":true,"href":"https:\/\/toleranciacero.org.es\/web\/wp-json\/wp\/v2\/users\/2"}],"replies":[{"embeddable":true,"href":"https:\/\/toleranciacero.org.es\/web\/wp-json\/wp\/v2\/comments?post=513"}],"version-history":[{"count":5,"href":"https:\/\/toleranciacero.org.es\/web\/wp-json\/wp\/v2\/posts\/513\/revisions"}],"predecessor-version":[{"id":520,"href":"https:\/\/toleranciacero.org.es\/web\/wp-json\/wp\/v2\/posts\/513\/revisions\/520"}],"wp:attachment":[{"href":"https:\/\/toleranciacero.org.es\/web\/wp-json\/wp\/v2\/media?parent=513"}],"wp:term":[{"taxonomy":"category","embeddable":true,"href":"https:\/\/toleranciacero.org.es\/web\/wp-json\/wp\/v2\/categories?post=513"},{"taxonomy":"post_tag","embeddable":true,"href":"https:\/\/toleranciacero.org.es\/web\/wp-json\/wp\/v2\/tags?post=513"}],"curies":[{"name":"wp","href":"https:\/\/api.w.org\/{rel}","templated":true}]}}