{"id":665,"date":"2018-03-15T19:45:10","date_gmt":"2018-03-15T17:45:10","guid":{"rendered":"https:\/\/toleranciacero.org.es\/web\/?p=665"},"modified":"2018-03-15T19:45:10","modified_gmt":"2018-03-15T17:45:10","slug":"curso-de-mindfulness","status":"publish","type":"post","link":"https:\/\/toleranciacero.org.es\/web\/curso-de-mindfulness\/","title":{"rendered":"Curso de Mindfulness"},"content":{"rendered":"<p>&nbsp;<\/p>\n<p><img loading=\"lazy\" decoding=\"async\" class=\"aligncenter wp-image-667 size-large\" src=\"https:\/\/toleranciacero.org.es\/web\/wp-content\/uploads\/2018\/03\/Captura-de-pantalla-2018-03-15-a-las-18.17.05-1024x522.png\" alt=\"\" width=\"648\" height=\"330\" srcset=\"https:\/\/toleranciacero.org.es\/web\/wp-content\/uploads\/2018\/03\/Captura-de-pantalla-2018-03-15-a-las-18.17.05-1024x522.png 1024w, https:\/\/toleranciacero.org.es\/web\/wp-content\/uploads\/2018\/03\/Captura-de-pantalla-2018-03-15-a-las-18.17.05-300x153.png 300w, https:\/\/toleranciacero.org.es\/web\/wp-content\/uploads\/2018\/03\/Captura-de-pantalla-2018-03-15-a-las-18.17.05-768x392.png 768w, https:\/\/toleranciacero.org.es\/web\/wp-content\/uploads\/2018\/03\/Captura-de-pantalla-2018-03-15-a-las-18.17.05.png 1182w\" sizes=\"auto, (max-width: 648px) 100vw, 648px\" \/><\/p>\n<p>&nbsp;<\/p>\n<p>Os animamos a aprovechar esta oportunidad de que vuestros hijos aprendan a parar, dejar sus impulsos, prestar atenci\u00f3n. Este aprendizaje les llevar\u00e1, adem\u00e1s, \u00a0a cultivar la paciencia, confianza y aceptaci\u00f3n con ellos mismos y con los dem\u00e1s.<\/p>\n<p>Ten\u00e9is toda la informaci\u00f3n en el siguiente enlace:\u00a0<a href=\"https:\/\/toleranciacero.org.es\/web\/wp-content\/uploads\/2018\/03\/Taller-Mindfulness..pdf\">Taller Mindfulness.<\/a><\/p>\n<p><a href=\"https:\/\/www.ivoox.com\/mindfulness-casa-escuela-audios-mp3_rf_22297110_1.html\">Aqu\u00ed <\/a>pod\u00e9is escuchar la entrevista que hicimos a Maril\u00f3 Gasc\u00f3n, con motivo de la publicaci\u00f3n de su libro, Mindfulness en casa y en la escuela, donde explica las ventajas que tiene \u00e9sta pr\u00e1ctica para los ni\u00f1os\/as.<\/p>\n<p>\u00a1Os esperamos!<\/p>\n","protected":false},"excerpt":{"rendered":"<p>&nbsp; &nbsp; Os animamos a aprovechar esta oportunidad de que vuestros hijos aprendan a parar, dejar sus impulsos, prestar atenci\u00f3n. Este aprendizaje les llevar\u00e1, adem\u00e1s, \u00a0a cultivar la paciencia, confianza y aceptaci\u00f3n con ellos mismos y con los dem\u00e1s. Ten\u00e9is toda la informaci\u00f3n en el siguiente enlace:\u00a0Taller Mindfulness. Aqu\u00ed pod\u00e9is escuchar la entrevista que hicimos [&hellip;]<\/p>\n","protected":false},"author":2,"featured_media":0,"comment_status":"closed","ping_status":"open","sticky":false,"template":"","format":"standard","meta":{"jetpack_post_was_ever_published":false,"_jetpack_newsletter_access":"","_jetpack_dont_email_post_to_subs":false,"_jetpack_newsletter_tier_id":0,"_jetpack_memberships_contains_paywalled_content":false,"_jetpack_memberships_contains_paid_content":false,"footnotes":"","jetpack_publicize_message":"","jetpack_publicize_feature_enabled":true,"jetpack_social_post_already_shared":true,"jetpack_social_options":{"image_generator_settings":{"template":"highway","default_image_id":0,"font":"","enabled":false},"version":2}},"categories":[20,4],"tags":[45,46,57],"class_list":["post-665","post","type-post","status-publish","format-standard","hentry","category-blog","category-slider","tag-atencion","tag-concentracion","tag-mindfulness"],"jetpack_publicize_connections":[],"jetpack_featured_media_url":"","jetpack_sharing_enabled":true,"jetpack_shortlink":"https:\/\/wp.me\/p9arT9-aJ","jetpack-related-posts":[{"id":675,"url":"https:\/\/toleranciacero.org.es\/web\/balance-de-los-primeros-6-meses\/","url_meta":{"origin":665,"position":0},"title":"BALANCE DE LOS PRIMEROS 6 MESES","author":"Tolerancia cero","date":"19\/03\/2018","format":false,"excerpt":"\u00a0 Tolerancia Cero es una asociaci\u00f3n joven, tenemos solamente 6 meses de vida, ya que iniciamos nuestras actividades el 9 de Septiembre de 2017, D\u00eda Mundial del SAF. En este corto periodo de tiempo, hemos realizado las siguientes actividades: - El 8 de Septiembre, con motivo del D\u00eda Internacional del\u2026","rel":"","context":"En \u00abBlog\u00bb","block_context":{"text":"Blog","link":"https:\/\/toleranciacero.org.es\/web\/category\/blog\/"},"img":{"alt_text":"","src":"https:\/\/i0.wp.com\/toleranciacero.org.es\/web\/wp-content\/uploads\/2017\/10\/favicon-300x300.png?resize=350%2C200&ssl=1","width":350,"height":200},"classes":[]},{"id":1352,"url":"https:\/\/toleranciacero.org.es\/web\/entrevistas-tolerancia-cero-2\/","url_meta":{"origin":665,"position":1},"title":"Entrevistas Tolerancia Cero","author":"Tolerancia cero","date":"24\/03\/2022","format":false,"excerpt":"En el siguiente enlace puedes visitar nuestro canal de iVoox, donde conversamos con personas adoptadas y profesionales de la adopci\u00f3n y acogimiento sobre sus vivencias y experiencias. Entrevistas Tolerancia Cero Entrevistas-TODescarga Aqu\u00ed tambi\u00e9n te dejamos enlaces a todos los podcasts publicados hasta la fecha. \u00a1Gracias por pasarte! Entrevista con Luda\u2026","rel":"","context":"En \u00abBlog\u00bb","block_context":{"text":"Blog","link":"https:\/\/toleranciacero.org.es\/web\/category\/blog\/"},"img":{"alt_text":"","src":"https:\/\/i0.wp.com\/toleranciacero.org.es\/web\/wp-content\/uploads\/2022\/03\/25C94BB4-DA30-4370-BA99-2A9F12EDAE40.png?resize=350%2C200&ssl=1","width":350,"height":200,"srcset":"https:\/\/i0.wp.com\/toleranciacero.org.es\/web\/wp-content\/uploads\/2022\/03\/25C94BB4-DA30-4370-BA99-2A9F12EDAE40.png?resize=350%2C200&ssl=1 1x, https:\/\/i0.wp.com\/toleranciacero.org.es\/web\/wp-content\/uploads\/2022\/03\/25C94BB4-DA30-4370-BA99-2A9F12EDAE40.png?resize=525%2C300&ssl=1 1.5x, https:\/\/i0.wp.com\/toleranciacero.org.es\/web\/wp-content\/uploads\/2022\/03\/25C94BB4-DA30-4370-BA99-2A9F12EDAE40.png?resize=700%2C400&ssl=1 2x, https:\/\/i0.wp.com\/toleranciacero.org.es\/web\/wp-content\/uploads\/2022\/03\/25C94BB4-DA30-4370-BA99-2A9F12EDAE40.png?resize=1050%2C600&ssl=1 3x, https:\/\/i0.wp.com\/toleranciacero.org.es\/web\/wp-content\/uploads\/2022\/03\/25C94BB4-DA30-4370-BA99-2A9F12EDAE40.png?resize=1400%2C800&ssl=1 4x"},"classes":[]},{"id":798,"url":"https:\/\/toleranciacero.org.es\/web\/doce-meses-de-tolerancia-cero\/","url_meta":{"origin":665,"position":2},"title":"DOCE MESES DE TOLERANCIA CERO","author":"Tolerancia cero","date":"03\/10\/2018","format":false,"excerpt":"Tolerancia Cero es una asociaci\u00f3n joven, tenemos solamente un a\u00f1o de vida, ya que iniciamos nuestras actividades en Septiembre de 2017, pero cuando miramos hacia atr\u00e1s no podemos por menos que estar contentos y agradecidos al ver todo lo que hemos avanzado en estos 12 meses. En este corto periodo\u2026","rel":"","context":"En \u00abBlog\u00bb","block_context":{"text":"Blog","link":"https:\/\/toleranciacero.org.es\/web\/category\/blog\/"},"img":{"alt_text":"","src":"https:\/\/i0.wp.com\/toleranciacero.org.es\/web\/wp-content\/uploads\/2017\/09\/logo-jpg-300x214.jpg?resize=350%2C200&ssl=1","width":350,"height":200},"classes":[]},{"id":623,"url":"https:\/\/toleranciacero.org.es\/web\/623-2\/","url_meta":{"origin":665,"position":3},"title":"Reuni\u00f3n en la Comunidad de Madrid","author":"Tolerancia cero","date":"03\/02\/2018","format":false,"excerpt":"Nuestro agradecimiento a D\u00f1a M\u00aa Jes\u00fas Mart\u00ednez Fuentes Subdirectora General de Informaci\u00f3n y Atenci\u00f3n al Paciente, y a D. Angel Abad Revilla, Jefe de \u00c1rea de Informaci\u00f3n y Atenci\u00f3n al Paciente de la Direcci\u00f3n General de Coordinaci\u00f3n de la Atenci\u00f3n al Ciudadano y Humanizaci\u00f3n de la Asistencia Sanitaria, de la\u2026","rel":"","context":"En \u00abBlog\u00bb","block_context":{"text":"Blog","link":"https:\/\/toleranciacero.org.es\/web\/category\/blog\/"},"img":{"alt_text":"","src":"https:\/\/i0.wp.com\/toleranciacero.org.es\/web\/wp-content\/uploads\/2018\/02\/Captura-de-pantalla-2018-02-16-a-las-10.22.38.png?resize=350%2C200&ssl=1","width":350,"height":200,"srcset":"https:\/\/i0.wp.com\/toleranciacero.org.es\/web\/wp-content\/uploads\/2018\/02\/Captura-de-pantalla-2018-02-16-a-las-10.22.38.png?resize=350%2C200&ssl=1 1x, https:\/\/i0.wp.com\/toleranciacero.org.es\/web\/wp-content\/uploads\/2018\/02\/Captura-de-pantalla-2018-02-16-a-las-10.22.38.png?resize=525%2C300&ssl=1 1.5x, https:\/\/i0.wp.com\/toleranciacero.org.es\/web\/wp-content\/uploads\/2018\/02\/Captura-de-pantalla-2018-02-16-a-las-10.22.38.png?resize=700%2C400&ssl=1 2x"},"classes":[]},{"id":1229,"url":"https:\/\/toleranciacero.org.es\/web\/desayuno-y-rendimiento-escolar\/","url_meta":{"origin":665,"position":4},"title":"Desayuno y rendimiento escolar","author":"Tolerancia cero","date":"29\/09\/2020","format":false,"excerpt":"\u00a0Marga Mu\u00f1iz Aguilar. Ahora que empieza el curso es importante tener en cuenta una cuesti\u00f3n, que generalmente no se tiene muy presente, aunque es fundamental para alcanzar un buen rendimientos escolar. Se trata del desayuno. El aprendizaje es una de las funciones m\u00e1s complejas del cerebro humano.Requiere un adecuado nivel\u2026","rel":"","context":"En \u00abBlog\u00bb","block_context":{"text":"Blog","link":"https:\/\/toleranciacero.org.es\/web\/category\/blog\/"},"img":{"alt_text":"Clipboard08","src":"https:\/\/i0.wp.com\/familiayadopcion.com\/blog\/wp-content\/uploads\/2014\/05\/Clipboard08-222x300.jpg?resize=350%2C200&ssl=1","width":350,"height":200},"classes":[]},{"id":345,"url":"https:\/\/toleranciacero.org.es\/web\/dia-internacional-del-saf\/","url_meta":{"origin":665,"position":5},"title":"D\u00eda Internacional del SAF","author":"Tolerancia Cero","date":"07\/09\/2017","format":false,"excerpt":"Desde 1999, cada 9 de septiembre se celebra el d\u00eda mundial del S\u00edndrome Alcoh\u00f3lico Fetal. Se celebra el d\u00eda 9 del 9 por los nueve meses de embarazo. El objetivo es de dar a conocer las consecuencias del consumo de alcohol durante el embarazo y las necesidades de los ni\u00f1os,\u2026","rel":"","context":"En \u00abBlog\u00bb","block_context":{"text":"Blog","link":"https:\/\/toleranciacero.org.es\/web\/category\/blog\/"},"img":{"alt_text":"","src":"https:\/\/i0.wp.com\/toleranciacero.org.es\/web\/wp-content\/uploads\/2017\/09\/Captura-de-pantalla-2017-09-08-a-las-12.32.17.png?resize=350%2C200&ssl=1","width":350,"height":200},"classes":[]}],"jetpack_likes_enabled":true,"_links":{"self":[{"href":"https:\/\/toleranciacero.org.es\/web\/wp-json\/wp\/v2\/posts\/665","targetHints":{"allow":["GET"]}}],"collection":[{"href":"https:\/\/toleranciacero.org.es\/web\/wp-json\/wp\/v2\/posts"}],"about":[{"href":"https:\/\/toleranciacero.org.es\/web\/wp-json\/wp\/v2\/types\/post"}],"author":[{"embeddable":true,"href":"https:\/\/toleranciacero.org.es\/web\/wp-json\/wp\/v2\/users\/2"}],"replies":[{"embeddable":true,"href":"https:\/\/toleranciacero.org.es\/web\/wp-json\/wp\/v2\/comments?post=665"}],"version-history":[{"count":3,"href":"https:\/\/toleranciacero.org.es\/web\/wp-json\/wp\/v2\/posts\/665\/revisions"}],"predecessor-version":[{"id":670,"href":"https:\/\/toleranciacero.org.es\/web\/wp-json\/wp\/v2\/posts\/665\/revisions\/670"}],"wp:attachment":[{"href":"https:\/\/toleranciacero.org.es\/web\/wp-json\/wp\/v2\/media?parent=665"}],"wp:term":[{"taxonomy":"category","embeddable":true,"href":"https:\/\/toleranciacero.org.es\/web\/wp-json\/wp\/v2\/categories?post=665"},{"taxonomy":"post_tag","embeddable":true,"href":"https:\/\/toleranciacero.org.es\/web\/wp-json\/wp\/v2\/tags?post=665"}],"curies":[{"name":"wp","href":"https:\/\/api.w.org\/{rel}","templated":true}]}}