{"id":675,"date":"2018-03-19T13:43:24","date_gmt":"2018-03-19T11:43:24","guid":{"rendered":"https:\/\/toleranciacero.org.es\/web\/?p=675"},"modified":"2018-03-19T13:43:24","modified_gmt":"2018-03-19T11:43:24","slug":"balance-de-los-primeros-6-meses","status":"publish","type":"post","link":"https:\/\/toleranciacero.org.es\/web\/balance-de-los-primeros-6-meses\/","title":{"rendered":"BALANCE DE LOS PRIMEROS 6 MESES"},"content":{"rendered":"<p>&nbsp;<\/p>\n<p style=\"text-align: left;\">\nTolerancia Cero es una asociaci\u00f3n joven, tenemos solamente 6 meses de vida, ya que iniciamos nuestras actividades el 9 de Septiembre de 2017, D\u00eda Mundial del SAF. En este corto periodo de tiempo, hemos realizado las siguientes actividades:<\/p>\n<p>&#8211; El 8 de Septiembre, con motivo del D\u00eda Internacional del S\u00edndrome Alcoh\u00f3lico Fetal, nos entrevistaron en <a href=\"https:\/\/toleranciacero.org.es\/web\/presentacion-de-tolerancia-cero-en-canal-sur-noticias\/\">Canal Sur<\/a> donde pudimos dar a conocer las graves consecuencias de este s\u00edndrome en ni\u00f1os procedentes tanto de adopci\u00f3n nacional como internacional.<\/p>\n<p>&#8211; El 9 de Septiembre nos entrevistaron en el peri\u00f3dico <a href=\"https:\/\/toleranciacero.org.es\/web\/437-2\/\">El Pa\u00eds<\/a>, donde pudimos alertar de los peligros del consumo de alcohol durante el embarazo y sus consecuencias en la poblaci\u00f3n adoptada.<\/p>\n<p>&#8211; El 21 y 28 de Septiembre celebramos las <a href=\"https:\/\/toleranciacero.org.es\/web\/sesiones-grabadas-de-las-i-jornadas-virtuales-de-teaf\/\">Primeras Jornadas Virtuales sobre TEAF<\/a> en colaboraci\u00f3n con la Escuela de Familias Adoptivas, dependiente de la Escuela Andaluza de Salud P\u00fablica. Se inscribieron m\u00e1s de 500 personas entre familias afectadas, profesionales de la ense\u00f1anza, sanidad, psicolog\u00eda, profesores de Universidad, estudiantes, etc.<\/p>\n<p>&#8211; El 27 de Octubre celebramos una <a href=\"http:\/\/adopcionpuntodeencuentro.com\/web\/conductas-tipicas-del-teaf-que-suelen-ser-mal-interpretadas-marga-muniz-aguilar\/\">Charla Virtual sobre Conductas T\u00edpicas del TEAF que se suelen malinterpretar.<\/a><\/p>\n<p>&#8211; En 16 de Noviembre inauguramos nuestro Canal de Ivoox con una entrevista a Rosa Fern\u00e1ndez, Profesora de la Universidad de Coru\u00f1a, titulada <a href=\"https:\/\/www.ivoox.com\/impacto-adversidad-temprana-el-audios-mp3_rf_22112953_1.html?autoplay=true\">El impacto de la adversidad temprana en el presente.<\/a><\/p>\n<p>-El 18 de Noviembre publicamos una entrevista sobre <a href=\"https:\/\/toleranciacero.org.es\/web\/problemas-de-aprendizaje-y-optometria-comportamental\/\">Problemas de aprendizaje y Optometr\u00eda Comportamental<\/a> a Jos\u00e9 Lu\u00eds Ar\u00e9valo.<\/p>\n<p>&#8211; El 27 de Noviembre publicamos una entrevista a Maril\u00f3 Gasc\u00f3n sobre <a href=\"https:\/\/www.ivoox.com\/impacto-adversidad-temprana-el-audios-mp3_rf_22112953_1.html?autoplay=true\">Mindfulness en casa y en el colegio.<\/a><\/p>\n<p>&#8211; El 30 de Noviembre y el 14 de Diciembre de 2017 celebramos el <a href=\"https:\/\/toleranciacero.org.es\/web\/566-2\/\">Encuentro Virtual sobre Necesidades Educativas derivadas de la Adversidad Temprana en la Infancia <\/a> en colaboraci\u00f3n con la Escuela de Familias Adoptivas, dependiente de la Escuela Andaluza de Salud P\u00fablica.<\/p>\n<p>-En Navidad de 2017 hicimos una campa\u00f1a de prevenci\u00f3n sobre los riesgos del consumo de alcohol durante el embarazo <a href=\"https:\/\/toleranciacero.org.es\/web\/alcohol-no-gracias\/\">\u00bfAlcohol? No, gracias.<\/a><\/p>\n<p>&#8211; El 8 de Enero de 2018 publicamos una entrevista a la psic\u00f3loga Vinyet Mirabent sobre <a href=\"https:\/\/www.ivoox.com\/impacto-adversidad-temprana-el-audios-mp3_rf_22112953_1.html?autoplay=true\">Conductas de riesgo en la adolescencia.<\/a><\/p>\n<p>&#8211; El 2 de Febrero de 2018 hemos participado junto con las asociaciones Atlas, Saf Group, Petales, Afasaf y Ginso en una reuni\u00f3n con la Subdirectora General de Informaci\u00f3n y Atenci\u00f3n al Paciente y con el Jefe de \u00c1rea de Informaci\u00f3n y Atenci\u00f3n al Paciente de la Direcci\u00f3n General de Coordinaci\u00f3n y Humanizaci\u00f3n de la Asistencia Sanitaria de la Comunidad de Madrid para plantear la necesidad de disponer en la red de Salud P\u00fablica de unidades especializadas para el diagn\u00f3stico y tratamiento adecuados de las Patolog\u00edas del Desarrollo, comunes en ni\u00f1os y ni\u00f1as que han sufrido Adversidad Temprana en sus Infancias.<\/p>\n<p>&#8211; El 3 de Febrero de 2018 participamos en Madrid en la Jornada organizada por SAF Group, Afrontando y superando retos, con una ponencia sobre las Conductas t\u00edpicas del Saf que se suelen malinterpetar.<\/p>\n<p>&#8211; El 23 de Febrero enviamos a Jordi \u00c9vole una propuesta para que trataran el tema del SAF en el programa Salvados, ya que hab\u00edan hecho una convocatoria p\u00fablica para que se sugirieran temas para tratar en el programa.<\/p>\n<p>&#8211; El 24 de Febrero de 2018 organizamos una <a href=\"https:\/\/toleranciacero.org.es\/web\/disfruta-de-los-beneficios-de-jugar-al-ping-pong\/\">jornada l\u00fadica para jugar a ping pong<\/a>, dadas las ventajas que tiene este deporte para desarrollar las habilidades cognitivas deficitarias que tienen algunos menores, adolescentes y j\u00f3venes adoptados.<\/p>\n<p>&#8211; El 26 de Febrero de 2018 publicamos una entrevista a Cari McCay, trabajadora social y medidora familiar sobre las <a href=\"https:\/\/www.ivoox.com\/impacto-adversidad-temprana-el-audios-mp3_rf_22112953_1.html?autoplay=true\">actitudes xen\u00f3fobas o racistas<\/a> con las que se encuentran los hijos de familias que han adoptado transracialmente.<\/p>\n<p>&#8211; El 27 de Febrero de 2018 Tolerancia Cero fue elegida por una voluntaria de Fundaci\u00f3n Telef\u00f3nica como asociaci\u00f3n receptora de una subvenci\u00f3n para celebrar el pr\u00f3ximo d\u00eda Mundial del Saf en Madrid con actividades para los menores afectados y sus familias, as\u00ed como para dar visibilidad a la sociedad de este s\u00edndrome.<\/p>\n<p>&#8211; 12 de Marzo de 2018. Convocatoria de un Curso de Formaci\u00f3n del Profesorado de 21 horas sobre <a href=\"http:\/\/ctif.madridoeste.educa.madrid.org\/index.php?option=com_crif_cursos&amp;id=816&amp;view=uncurso&amp;lista=inscripcionnocerrada&amp;Itemid=28\">Adversidad Temprana y Rendimiento Escolar<\/a>, organizado por el Centro Territorial de Innovaci\u00f3n y Formaci\u00f3n de la Comunidad de Madrid.<\/p>\n<p>&#8211; 13 de Marzo. Hemos contactado con la <a href=\"http:\/\/www.alcoholysociedad.org\/\">Fundaci\u00f3n alcohol y Sociedad<\/a> financiada por la <a href=\"http:\/\/www.febe.es\/\">Federaci\u00f3n Espa\u00f1ola de Bebidas Espirituosas (FEBE)<\/a> para que incluyan en sus proyectos la prevenci\u00f3n del consumo de alcohol durante el embarazo. Est\u00e1n estudiando la documentaci\u00f3n que les hemos remitidos para incluirlas en su web y se han comprometido a dar difusi\u00f3n del Curso de Formaci\u00f3n del Profesorado en los institutos de la Comunidad de Madrid donde imparten cursos sobre el consumo de alcohol entre los adolescentes.<\/p>\n<p>&#8211; 14 de Marzo. Publicaci\u00f3n de <a href=\"https:\/\/toleranciacero.org.es\/web\/trastorno-del-espectro-alcohol-fetal-10-estrategias-para-el-profesorado\/\">Trastorno del Espectro Alcoh\u00f3lico Fetal. 10 Estrategias para el Profesorado.<\/a><\/p>\n<p>&#8211; 15 de Marzo. Organizaci\u00f3n para el mes de junio de un <a href=\"https:\/\/toleranciacero.org.es\/web\/curso-de-mindfulness\/\">Taller de Mindfulness para ni\u00f1os y ni\u00f1as adoptados.<\/a><\/p>\n<p>&#8211; El 21-13 de Junio participaremos en el<a href=\"https:\/\/www.cipe2018.com\/\"> IX Congreso Internacional de Psicolog\u00eda y Educaci\u00f3n: Psicolog\u00eda, Educaci\u00f3n y Neurociencias: Construyendo puentes para el desarrollo humano. Logro\u00f1o<\/a>. Nuestra ponencia ser\u00e1 sobre El Impacto de la Adversidad Temprana en los Aprendizajes Escolares.<\/p>\n<p>&#8211; El 4 de Julio participaremos en unas jornadas organizadas por la Universidad Rey Juan Carlos, con una ponencia sobre TEAF.<\/p>\n<p>Trabajamos por un presente y un futuro m\u00e1s justo para todos aquellos menores adoptados que sufrieron adversidad temprana en su infancia, con el objetivo de que esa adversidad no siga estando presente en su d\u00eda a d\u00eda en forma de maltrato institucional, social o de cualquier otro tipo. Ante estas situaciones, nuestra actitud siempre ser\u00e1 Tolerancia Cero.<\/p>\n<p><strong>TOLERANCIA CERO<\/strong> se financia con las cuotas de sus socios. Nuestra finalidad es conseguir diagn\u00f3sticos, tratamientos y recursos adecuados para todos los ni\u00f1os, adolescentes y j\u00f3venes que han sufrido adversidad temprana en su infancia (Saf, Teaf, Trastorno de Apego, Malnutrici\u00f3n pre y postnatal, etc).<\/p>\n<p>Si te sientes identificado con nuestro trabajo y quieres contribuir a esta causa,<strong><a href=\"https:\/\/toleranciacero.org.es\/web\/hazte-socioa\/\"> hazte socio\/a<\/a>.\u00a0<\/strong><\/p>\n<p>Mientras m\u00e1s seamos m\u00e1s impacto tendremos en la sociedad y m\u00e1s cambios podremos conseguir.<\/p>\n<p><img loading=\"lazy\" decoding=\"async\" class=\" wp-image-500 aligncenter\" src=\"https:\/\/toleranciacero.org.es\/web\/wp-content\/uploads\/2017\/10\/favicon-300x300.png\" alt=\"\" width=\"229\" height=\"229\" srcset=\"https:\/\/toleranciacero.org.es\/web\/wp-content\/uploads\/2017\/10\/favicon-300x300.png 300w, https:\/\/toleranciacero.org.es\/web\/wp-content\/uploads\/2017\/10\/favicon-150x150.png 150w, https:\/\/toleranciacero.org.es\/web\/wp-content\/uploads\/2017\/10\/favicon-60x60.png 60w, https:\/\/toleranciacero.org.es\/web\/wp-content\/uploads\/2017\/10\/favicon.png 675w\" sizes=\"auto, (max-width: 229px) 100vw, 229px\" \/><\/p>\n<p><strong>\u00a0<\/strong><\/p>\n","protected":false},"excerpt":{"rendered":"<p>&nbsp; Tolerancia Cero es una asociaci\u00f3n joven, tenemos solamente 6 meses de vida, ya que iniciamos nuestras actividades el 9 de Septiembre de 2017, D\u00eda Mundial del SAF. En este corto periodo de tiempo, hemos realizado las siguientes actividades: &#8211; El 8 de Septiembre, con motivo del D\u00eda Internacional del S\u00edndrome Alcoh\u00f3lico Fetal, nos entrevistaron [&hellip;]<\/p>\n","protected":false},"author":2,"featured_media":0,"comment_status":"closed","ping_status":"open","sticky":false,"template":"","format":"standard","meta":{"jetpack_post_was_ever_published":false,"_jetpack_newsletter_access":"","_jetpack_dont_email_post_to_subs":false,"_jetpack_newsletter_tier_id":0,"_jetpack_memberships_contains_paywalled_content":false,"_jetpack_memberships_contains_paid_content":false,"footnotes":"","jetpack_publicize_message":"","jetpack_publicize_feature_enabled":true,"jetpack_social_post_already_shared":true,"jetpack_social_options":{"image_generator_settings":{"template":"highway","default_image_id":0,"font":"","enabled":false},"version":2}},"categories":[20],"tags":[],"class_list":["post-675","post","type-post","status-publish","format-standard","hentry","category-blog"],"jetpack_publicize_connections":[],"jetpack_featured_media_url":"","jetpack_sharing_enabled":true,"jetpack_shortlink":"https:\/\/wp.me\/p9arT9-aT","jetpack-related-posts":[{"id":798,"url":"https:\/\/toleranciacero.org.es\/web\/doce-meses-de-tolerancia-cero\/","url_meta":{"origin":675,"position":0},"title":"DOCE MESES DE TOLERANCIA CERO","author":"Tolerancia cero","date":"03\/10\/2018","format":false,"excerpt":"Tolerancia Cero es una asociaci\u00f3n joven, tenemos solamente un a\u00f1o de vida, ya que iniciamos nuestras actividades en Septiembre de 2017, pero cuando miramos hacia atr\u00e1s no podemos por menos que estar contentos y agradecidos al ver todo lo que hemos avanzado en estos 12 meses. En este corto periodo\u2026","rel":"","context":"En \u00abBlog\u00bb","block_context":{"text":"Blog","link":"https:\/\/toleranciacero.org.es\/web\/category\/blog\/"},"img":{"alt_text":"","src":"https:\/\/i0.wp.com\/toleranciacero.org.es\/web\/wp-content\/uploads\/2017\/09\/logo-jpg-300x214.jpg?resize=350%2C200&ssl=1","width":350,"height":200},"classes":[]},{"id":345,"url":"https:\/\/toleranciacero.org.es\/web\/dia-internacional-del-saf\/","url_meta":{"origin":675,"position":1},"title":"D\u00eda Internacional del SAF","author":"Tolerancia Cero","date":"07\/09\/2017","format":false,"excerpt":"Desde 1999, cada 9 de septiembre se celebra el d\u00eda mundial del S\u00edndrome Alcoh\u00f3lico Fetal. Se celebra el d\u00eda 9 del 9 por los nueve meses de embarazo. El objetivo es de dar a conocer las consecuencias del consumo de alcohol durante el embarazo y las necesidades de los ni\u00f1os,\u2026","rel":"","context":"En \u00abBlog\u00bb","block_context":{"text":"Blog","link":"https:\/\/toleranciacero.org.es\/web\/category\/blog\/"},"img":{"alt_text":"","src":"https:\/\/i0.wp.com\/toleranciacero.org.es\/web\/wp-content\/uploads\/2017\/09\/Captura-de-pantalla-2017-09-08-a-las-12.32.17.png?resize=350%2C200&ssl=1","width":350,"height":200},"classes":[]},{"id":1417,"url":"https:\/\/toleranciacero.org.es\/web\/dia-mundial-del-teaf-3\/","url_meta":{"origin":675,"position":2},"title":"D\u00eda Mundial del TEAF","author":"Tolerancia cero","date":"09\/09\/2022","format":false,"excerpt":"Desde 1999, cada 9 de septiembre se celebra el d\u00eda mundial del S\u00edndrome Alcoh\u00f3lico Fetal. Se celebra el d\u00eda 9 del 9 por los nueve meses de embarazo. El objetivo es de dar a conocer las consecuencias del consumo de alcohol durante el embarazo y las necesidades de los ni\u00f1os,\u2026","rel":"","context":"En \u00abBlog\u00bb","block_context":{"text":"Blog","link":"https:\/\/toleranciacero.org.es\/web\/category\/blog\/"},"img":{"alt_text":"","src":"https:\/\/i0.wp.com\/toleranciacero.org.es\/web\/wp-content\/uploads\/2022\/09\/1.png?resize=350%2C200&ssl=1","width":350,"height":200,"srcset":"https:\/\/i0.wp.com\/toleranciacero.org.es\/web\/wp-content\/uploads\/2022\/09\/1.png?resize=350%2C200&ssl=1 1x, https:\/\/i0.wp.com\/toleranciacero.org.es\/web\/wp-content\/uploads\/2022\/09\/1.png?resize=525%2C300&ssl=1 1.5x, https:\/\/i0.wp.com\/toleranciacero.org.es\/web\/wp-content\/uploads\/2022\/09\/1.png?resize=700%2C400&ssl=1 2x, https:\/\/i0.wp.com\/toleranciacero.org.es\/web\/wp-content\/uploads\/2022\/09\/1.png?resize=1050%2C600&ssl=1 3x, https:\/\/i0.wp.com\/toleranciacero.org.es\/web\/wp-content\/uploads\/2022\/09\/1.png?resize=1400%2C800&ssl=1 4x"},"classes":[]},{"id":1542,"url":"https:\/\/toleranciacero.org.es\/web\/dia-mundial-del-teaf-4\/","url_meta":{"origin":675,"position":3},"title":"D\u00cdA MUNDIAL DEL TEAF","author":"Tolerancia cero","date":"08\/09\/2023","format":false,"excerpt":"Desde 1999, cada 9 de septiembre se celebra el d\u00eda mundial del S\u00edndrome Alcoh\u00f3lico Fetal. Se celebra el d\u00eda 9 del 9 por los nueve meses de embarazo. El objetivo es de dar a conocer las consecuencias del consumo de alcohol durante el embarazo y las necesidades de los ni\u00f1os,\u2026","rel":"","context":"En \u00abBlog\u00bb","block_context":{"text":"Blog","link":"https:\/\/toleranciacero.org.es\/web\/category\/blog\/"},"img":{"alt_text":"","src":"https:\/\/i0.wp.com\/toleranciacero.org.es\/web\/wp-content\/uploads\/2023\/09\/FLYER-DIA-MUNDIAL-DEL-TEAF.jpg?resize=350%2C200&ssl=1","width":350,"height":200,"srcset":"https:\/\/i0.wp.com\/toleranciacero.org.es\/web\/wp-content\/uploads\/2023\/09\/FLYER-DIA-MUNDIAL-DEL-TEAF.jpg?resize=350%2C200&ssl=1 1x, https:\/\/i0.wp.com\/toleranciacero.org.es\/web\/wp-content\/uploads\/2023\/09\/FLYER-DIA-MUNDIAL-DEL-TEAF.jpg?resize=525%2C300&ssl=1 1.5x, https:\/\/i0.wp.com\/toleranciacero.org.es\/web\/wp-content\/uploads\/2023\/09\/FLYER-DIA-MUNDIAL-DEL-TEAF.jpg?resize=700%2C400&ssl=1 2x"},"classes":[]},{"id":771,"url":"https:\/\/toleranciacero.org.es\/web\/dia-mundial-del-teaf\/","url_meta":{"origin":675,"position":4},"title":"D\u00cdA MUNDIAL DEL TEAF","author":"Tolerancia cero","date":"03\/09\/2018","format":false,"excerpt":"Desde 1999, cada 9 de septiembre se celebra el D\u00eda Mundial de los Trastornos del Espectro Alcoh\u00f3lico Fetal. Se celebra el d\u00eda 9 del 9 por los nueve meses de embarazo. \u00bfPor qu\u00e9 hace falta dedicar un d\u00eda a los efectos del consumo de alcohol durante el embarazo? De todas\u2026","rel":"","context":"En \u00abBlog\u00bb","block_context":{"text":"Blog","link":"https:\/\/toleranciacero.org.es\/web\/category\/blog\/"},"img":{"alt_text":"","src":"https:\/\/i0.wp.com\/toleranciacero.org.es\/web\/wp-content\/uploads\/2018\/08\/DI%CC%81A-MUNDIAL-DEL-TEAF-2018.png?resize=350%2C200&ssl=1","width":350,"height":200,"srcset":"https:\/\/i0.wp.com\/toleranciacero.org.es\/web\/wp-content\/uploads\/2018\/08\/DI%CC%81A-MUNDIAL-DEL-TEAF-2018.png?resize=350%2C200&ssl=1 1x, https:\/\/i0.wp.com\/toleranciacero.org.es\/web\/wp-content\/uploads\/2018\/08\/DI%CC%81A-MUNDIAL-DEL-TEAF-2018.png?resize=525%2C300&ssl=1 1.5x, https:\/\/i0.wp.com\/toleranciacero.org.es\/web\/wp-content\/uploads\/2018\/08\/DI%CC%81A-MUNDIAL-DEL-TEAF-2018.png?resize=700%2C400&ssl=1 2x"},"classes":[]},{"id":1691,"url":"https:\/\/toleranciacero.org.es\/web\/dia-mundial-del-teaf-5\/","url_meta":{"origin":675,"position":5},"title":"D\u00cdA MUNDIAL DEL TEAF","author":"Tolerancia cero","date":"09\/09\/2024","format":false,"excerpt":"Desde 1999, cada 9 de septiembre se celebra el d\u00eda mundial del Trastorno del Espectro Alcoh\u00f3lico Fetal. Se celebra el d\u00eda 9 del 9 por los nueve meses de embarazo. El objetivo es de dar a conocer las consecuencias del consumo de alcohol durante el embarazo y las necesidades de\u2026","rel":"","context":"En \u00abBlog\u00bb","block_context":{"text":"Blog","link":"https:\/\/toleranciacero.org.es\/web\/category\/blog\/"},"img":{"alt_text":"","src":"https:\/\/i0.wp.com\/toleranciacero.org.es\/web\/wp-content\/uploads\/2017\/07\/image4173.jpg?resize=350%2C200&ssl=1","width":350,"height":200,"srcset":"https:\/\/i0.wp.com\/toleranciacero.org.es\/web\/wp-content\/uploads\/2017\/07\/image4173.jpg?resize=350%2C200&ssl=1 1x, https:\/\/i0.wp.com\/toleranciacero.org.es\/web\/wp-content\/uploads\/2017\/07\/image4173.jpg?resize=525%2C300&ssl=1 1.5x, https:\/\/i0.wp.com\/toleranciacero.org.es\/web\/wp-content\/uploads\/2017\/07\/image4173.jpg?resize=700%2C400&ssl=1 2x, https:\/\/i0.wp.com\/toleranciacero.org.es\/web\/wp-content\/uploads\/2017\/07\/image4173.jpg?resize=1050%2C600&ssl=1 3x, https:\/\/i0.wp.com\/toleranciacero.org.es\/web\/wp-content\/uploads\/2017\/07\/image4173.jpg?resize=1400%2C800&ssl=1 4x"},"classes":[]}],"jetpack_likes_enabled":true,"_links":{"self":[{"href":"https:\/\/toleranciacero.org.es\/web\/wp-json\/wp\/v2\/posts\/675","targetHints":{"allow":["GET"]}}],"collection":[{"href":"https:\/\/toleranciacero.org.es\/web\/wp-json\/wp\/v2\/posts"}],"about":[{"href":"https:\/\/toleranciacero.org.es\/web\/wp-json\/wp\/v2\/types\/post"}],"author":[{"embeddable":true,"href":"https:\/\/toleranciacero.org.es\/web\/wp-json\/wp\/v2\/users\/2"}],"replies":[{"embeddable":true,"href":"https:\/\/toleranciacero.org.es\/web\/wp-json\/wp\/v2\/comments?post=675"}],"version-history":[{"count":2,"href":"https:\/\/toleranciacero.org.es\/web\/wp-json\/wp\/v2\/posts\/675\/revisions"}],"predecessor-version":[{"id":677,"href":"https:\/\/toleranciacero.org.es\/web\/wp-json\/wp\/v2\/posts\/675\/revisions\/677"}],"wp:attachment":[{"href":"https:\/\/toleranciacero.org.es\/web\/wp-json\/wp\/v2\/media?parent=675"}],"wp:term":[{"taxonomy":"category","embeddable":true,"href":"https:\/\/toleranciacero.org.es\/web\/wp-json\/wp\/v2\/categories?post=675"},{"taxonomy":"post_tag","embeddable":true,"href":"https:\/\/toleranciacero.org.es\/web\/wp-json\/wp\/v2\/tags?post=675"}],"curies":[{"name":"wp","href":"https:\/\/api.w.org\/{rel}","templated":true}]}}