{"id":790,"date":"2018-09-19T19:19:08","date_gmt":"2018-09-19T17:19:08","guid":{"rendered":"https:\/\/toleranciacero.org.es\/web\/?p=790"},"modified":"2018-09-19T19:19:08","modified_gmt":"2018-09-19T17:19:08","slug":"la-importancia-de-aunar-esfuerzos","status":"publish","type":"post","link":"https:\/\/toleranciacero.org.es\/web\/la-importancia-de-aunar-esfuerzos\/","title":{"rendered":"LA IMPORTANCIA DE AUNAR ESFUERZOS"},"content":{"rendered":"<p>Este a\u00f1o, para la celebraci\u00f3n del D\u00eda Mundial de los Trastornos del Espectro Alcoh\u00f3lico Fetal, distintas asociaciones que trabajamos por conseguir diagn\u00f3sticos, recursos y herramientas para aquellos menores, adolescentes y j\u00f3venes que sufren TEAF, as\u00ed como en la prevenci\u00f3n del consumo de alcohol en el embarazo, hemos decidido aunar esfuerzos para llegar de una manera m\u00e1s clara y potente, tanto a las distintas administraciones p\u00fablicas como a la sociedad en general. El resultado deja bien patente la importancia de unir sinergias \u00a0para conseguir los objetivos que tenemos por delante.<\/p>\n<p style=\"text-align: center;\"><img loading=\"lazy\" decoding=\"async\" class=\"alignnone size-medium wp-image-791\" src=\"https:\/\/toleranciacero.org.es\/web\/wp-content\/uploads\/2018\/09\/Captura-de-pantalla-2018-09-19-a-las-19.13.52-300x140.png\" alt=\"\" width=\"300\" height=\"140\" srcset=\"https:\/\/toleranciacero.org.es\/web\/wp-content\/uploads\/2018\/09\/Captura-de-pantalla-2018-09-19-a-las-19.13.52-300x140.png 300w, https:\/\/toleranciacero.org.es\/web\/wp-content\/uploads\/2018\/09\/Captura-de-pantalla-2018-09-19-a-las-19.13.52.png 346w\" sizes=\"auto, (max-width: 300px) 100vw, 300px\" \/><\/p>\n<p>Una muestra del eco que han tenido estas actuaciones lo vemos reflejado en la cantidad de medios de comunicaci\u00f3n que han hablado estos d\u00edas de lo que se conoce como la \u00abdiscapacidad invisible\u00bb, que precisamente en estas fechas se ha hecho m\u00e1s visible que nunca.<\/p>\n<p>Os pasamos una relaci\u00f3n de estos medios, elaborada por\u00a0<a href=\"https:\/\/visualteaf.com\/\">VisualTeaf,<\/a> una de las asociaciones que ha participado en la plataforma que se cre\u00f3 para dar impulso a esta celebraci\u00f3n. Para Tolerancia Cero ha sido un honor participar en esta plataforma y en los trabajos que se han llevado a cabo para dar visibilidad a una discapacidad que es cien por cien evitable.<\/p>\n<p><a href=\"https:\/\/visualteaf.com\/wp-content\/uploads\/2018\/09\/diario-salud.jpg\"><img loading=\"lazy\" decoding=\"async\" class=\"alignnone wp-image-4891\" src=\"https:\/\/visualteaf.com\/wp-content\/uploads\/2018\/09\/diario-salud.jpg\" sizes=\"auto, (max-width: 30px) 100vw, 30px\" srcset=\"https:\/\/visualteaf.com\/wp-content\/uploads\/2018\/09\/diario-salud.jpg 225w, https:\/\/visualteaf.com\/wp-content\/uploads\/2018\/09\/diario-salud-150x150.jpg 150w, https:\/\/visualteaf.com\/wp-content\/uploads\/2018\/09\/diario-salud-105x105.jpg 105w, https:\/\/visualteaf.com\/wp-content\/uploads\/2018\/09\/diario-salud-100x100.jpg 100w\" alt=\"\" width=\"30\" height=\"30\" \/><\/a>\u00a0 \u00a0 \u00a0 \u00a0 \u00a0 \u00a011-09-2018 Diario Salud.\u00a0<a href=\"http:\/\/diariosalud.do\/do\/categoria-articulos\/19541-no-hay-un-consumo-minimo-de-alcohol-seguro-durante-el-embarazo-para-el-feto.html\" target=\"_blank\" rel=\"noopener\">No hay un consumo m\u00ednimo de alcohol seguro durante el embarazo para el feto<\/a><\/p>\n<p><a href=\"https:\/\/visualteaf.com\/wp-content\/uploads\/2018\/09\/Tele-5.png\"><img loading=\"lazy\" decoding=\"async\" class=\"alignnone wp-image-4888\" src=\"https:\/\/visualteaf.com\/wp-content\/uploads\/2018\/09\/Tele-5.png\" sizes=\"auto, (max-width: 27px) 100vw, 27px\" srcset=\"https:\/\/visualteaf.com\/wp-content\/uploads\/2018\/09\/Tele-5.png 225w, https:\/\/visualteaf.com\/wp-content\/uploads\/2018\/09\/Tele-5-150x150.png 150w, https:\/\/visualteaf.com\/wp-content\/uploads\/2018\/09\/Tele-5-105x105.png 105w, https:\/\/visualteaf.com\/wp-content\/uploads\/2018\/09\/Tele-5-100x100.png 100w\" alt=\"\" width=\"27\" height=\"27\" \/><\/a>\u00a0 \u00a0 \u00a0 \u00a0 \u00a0 \u00a011-09-2018 Tele 5.\u00a0<a href=\"https:\/\/www.telecinco.es\/informativos\/sociedad\/violencia-filiopaternal-sindrome-emperador-hijos-pegan-padres-javier-urra-Dara-espinaco_0_2625525040.html\" target=\"_blank\" rel=\"noopener\">\u00bfPor qu\u00e9 cada vez m\u00e1s hijos pegan a sus padres?<\/a><\/p>\n<p><a href=\"https:\/\/visualteaf.com\/wp-content\/uploads\/2018\/09\/Independientes.png\"><img loading=\"lazy\" decoding=\"async\" class=\"alignnone wp-image-4904\" src=\"https:\/\/visualteaf.com\/wp-content\/uploads\/2018\/09\/Independientes-300x89.png\" sizes=\"auto, (max-width: 51px) 100vw, 51px\" srcset=\"https:\/\/visualteaf.com\/wp-content\/uploads\/2018\/09\/Independientes-300x89.png 300w, https:\/\/visualteaf.com\/wp-content\/uploads\/2018\/09\/Independientes.png 400w\" alt=\"\" width=\"51\" height=\"15\" \/><\/a>\u00a0 \u00a0 \u00a010-09-2018 In-dependientes.\u00a0<a href=\"http:\/\/revistaindependientes.com\/el-60-de-las-mujeres-toman-bebidas-alcoholicas-durante-el-embarazo\/\" target=\"_blank\" rel=\"noopener\">El 60% de las mujeres toman bebidas alcoh\u00f3licas durante el embarazo<\/a><\/p>\n<p><a href=\"https:\/\/visualteaf.com\/wp-content\/uploads\/2018\/09\/efe-salud.jpg\"><img loading=\"lazy\" decoding=\"async\" class=\"alignnone wp-image-4882\" src=\"https:\/\/visualteaf.com\/wp-content\/uploads\/2018\/09\/efe-salud-300x124.jpg\" sizes=\"auto, (max-width: 51px) 100vw, 51px\" srcset=\"https:\/\/visualteaf.com\/wp-content\/uploads\/2018\/09\/efe-salud-300x124.jpg 300w, https:\/\/visualteaf.com\/wp-content\/uploads\/2018\/09\/efe-salud.jpg 333w\" alt=\"\" width=\"51\" height=\"21\" \/><\/a>\u00a0 \u00a0 \u00a010-09-2018 EFE Salud.\u00a0<a href=\"https:\/\/www.efesalud.com\/consumo-minimo-alcohol-seguro-embarazo-feto\/\" target=\"_blank\" rel=\"noopener\">No hay un consumo m\u00ednimo de alcohol seguro durante el embarazo para el feto<\/a><\/p>\n<p><a href=\"https:\/\/visualteaf.com\/wp-content\/uploads\/2018\/09\/Ideal.png\"><img loading=\"lazy\" decoding=\"async\" class=\"alignnone wp-image-4894\" src=\"https:\/\/visualteaf.com\/wp-content\/uploads\/2018\/09\/Ideal-300x55.png\" sizes=\"auto, (max-width: 49px) 100vw, 49px\" srcset=\"https:\/\/visualteaf.com\/wp-content\/uploads\/2018\/09\/Ideal-300x55.png 300w, https:\/\/visualteaf.com\/wp-content\/uploads\/2018\/09\/Ideal-520x96.png 520w, https:\/\/visualteaf.com\/wp-content\/uploads\/2018\/09\/Ideal-500x96.png 500w, https:\/\/visualteaf.com\/wp-content\/uploads\/2018\/09\/Ideal.png 523w\" alt=\"\" width=\"49\" height=\"9\" \/><\/a>\u00a0 \u00a0 \u00a0 10-09-2018 Ideal.\u00a0<a href=\"https:\/\/www.ideal.es\/jaen\/linares\/alac-cumple-funcion-20180910233156-ntvo.html\" target=\"_blank\" rel=\"noopener\">ALAC cumple su funci\u00f3n preventiva por el D\u00eda del S\u00edndrome Alcoh\u00f3lico Fetal<\/a><\/p>\n<p><a href=\"https:\/\/visualteaf.com\/wp-content\/uploads\/2018\/09\/bebe.jpg\"><img loading=\"lazy\" decoding=\"async\" class=\"alignnone wp-image-4879\" src=\"https:\/\/visualteaf.com\/wp-content\/uploads\/2018\/09\/bebe-300x200.jpg\" sizes=\"auto, (max-width: 46px) 100vw, 46px\" srcset=\"https:\/\/visualteaf.com\/wp-content\/uploads\/2018\/09\/bebe-300x200.jpg 300w, https:\/\/visualteaf.com\/wp-content\/uploads\/2018\/09\/bebe-768x512.jpg 768w, https:\/\/visualteaf.com\/wp-content\/uploads\/2018\/09\/bebe-1024x683.jpg 1024w, https:\/\/visualteaf.com\/wp-content\/uploads\/2018\/09\/bebe-500x330.jpg 500w, https:\/\/visualteaf.com\/wp-content\/uploads\/2018\/09\/bebe-600x400.jpg 600w\" alt=\"\" width=\"46\" height=\"30\" \/><\/a>\u00a0 \u00a0 \u00a0 10-09-2018 Bebes y m\u00e1s.\u00a0<a href=\"https:\/\/www.bebesymas.com\/embarazo\/que-bebe-madre-le-llega-al-bebe-gota-alcohol-embarazo\" target=\"_blank\" rel=\"noopener\">Lo que bebe la madre, le llega al beb\u00e9: ni una gota de alcohol en el embarazo<\/a><\/p>\n<p><a href=\"https:\/\/visualteaf.com\/wp-content\/uploads\/2018\/09\/logo_ministerio.jpg\"><img loading=\"lazy\" decoding=\"async\" class=\"alignnone wp-image-4897\" src=\"https:\/\/visualteaf.com\/wp-content\/uploads\/2018\/09\/logo_ministerio.jpg\" alt=\"\" width=\"50\" height=\"13\" \/><\/a>\u00a0 \u00a0 \u00a009-09-2018 Plan Nacional Sobre Drogas.\u00a0<a href=\"http:\/\/www.pnsd.mscbs.gob.es\/noticiasEventos\/actualidad\/noticias_home.htm\" target=\"_blank\" rel=\"noopener\">D\u00eda Mundial del S\u00edndrome Alcoh\u00f3lico Fetal, 9 de septiembre 2018.<\/a><\/p>\n<p><a href=\"https:\/\/visualteaf.com\/wp-content\/uploads\/2018\/09\/A3.jpg\"><img loading=\"lazy\" decoding=\"async\" class=\"alignnone wp-image-4870\" src=\"https:\/\/visualteaf.com\/wp-content\/uploads\/2018\/09\/A3-300x168.jpg\" alt=\"\" width=\"52\" height=\"29\" \/><\/a>\u00a0 \u00a0 \u00a009-09-2018 Antena 3 TV.\u00a0<a href=\"https:\/\/www.antena3.com\/noticias\/ciencia\/el-consumo-de-alcohol-durante-el-embarazo-puede-producir-al-feto-trastorno-de-espectro-alcoholico-fetal_201809075b929f770cf220c8011cc0eb.html\" target=\"_blank\" rel=\"noopener\">El consumo de alcohol durante el embarazo puede producir al feto TEAF<\/a><\/p>\n<p><a href=\"https:\/\/visualteaf.com\/wp-content\/uploads\/2018\/09\/La-razon.jpg\"><img loading=\"lazy\" decoding=\"async\" class=\"alignnone wp-image-4867\" src=\"https:\/\/visualteaf.com\/wp-content\/uploads\/2018\/09\/La-razon-300x51.jpg\" sizes=\"auto, (max-width: 65px) 100vw, 65px\" srcset=\"https:\/\/visualteaf.com\/wp-content\/uploads\/2018\/09\/La-razon-300x51.jpg 300w, https:\/\/visualteaf.com\/wp-content\/uploads\/2018\/09\/La-razon-520x92.jpg 520w, https:\/\/visualteaf.com\/wp-content\/uploads\/2018\/09\/La-razon-500x92.jpg 500w, https:\/\/visualteaf.com\/wp-content\/uploads\/2018\/09\/La-razon-540x92.jpg 540w, https:\/\/visualteaf.com\/wp-content\/uploads\/2018\/09\/La-razon.jpg 546w\" alt=\"\" width=\"65\" height=\"11\" \/><\/a>\u00a0 09-09-2018 La raz\u00f3n. <a href=\"https:\/\/www.larazon.es\/sociedad\/los-padres-coraje-del-cinturon-del-vodka-HI19777077\">Los padres coraje del cintur\u00f3n del vodka<\/a><\/p>\n<p><a href=\"https:\/\/visualteaf.com\/wp-content\/uploads\/2018\/09\/La-razon.jpg\"><img loading=\"lazy\" decoding=\"async\" class=\"alignnone wp-image-4867\" src=\"https:\/\/visualteaf.com\/wp-content\/uploads\/2018\/09\/La-razon-300x51.jpg\" sizes=\"auto, (max-width: 65px) 100vw, 65px\" srcset=\"https:\/\/visualteaf.com\/wp-content\/uploads\/2018\/09\/La-razon-300x51.jpg 300w, https:\/\/visualteaf.com\/wp-content\/uploads\/2018\/09\/La-razon-520x92.jpg 520w, https:\/\/visualteaf.com\/wp-content\/uploads\/2018\/09\/La-razon-500x92.jpg 500w, https:\/\/visualteaf.com\/wp-content\/uploads\/2018\/09\/La-razon-540x92.jpg 540w, https:\/\/visualteaf.com\/wp-content\/uploads\/2018\/09\/La-razon.jpg 546w\" alt=\"\" width=\"65\" height=\"11\" \/><\/a>\u00a0 09-09-2018 La raz\u00f3n. <a href=\"https:\/\/www.larazon.es\/sociedad\/hijos-del-vodka-BH19787017\">Hijos del Vodka<\/a><\/p>\n<p><a href=\"https:\/\/visualteaf.com\/wp-content\/uploads\/2018\/09\/onda-cero.jpg\"><img loading=\"lazy\" decoding=\"async\" class=\"alignnone wp-image-4864\" src=\"https:\/\/visualteaf.com\/wp-content\/uploads\/2018\/09\/onda-cero-300x169.jpg\" sizes=\"auto, (max-width: 46px) 100vw, 46px\" srcset=\"https:\/\/visualteaf.com\/wp-content\/uploads\/2018\/09\/onda-cero-300x169.jpg 300w, https:\/\/visualteaf.com\/wp-content\/uploads\/2018\/09\/onda-cero-600x338.jpg 600w, https:\/\/visualteaf.com\/wp-content\/uploads\/2018\/09\/onda-cero.jpg 620w\" alt=\"\" width=\"46\" height=\"26\" \/><\/a>\u00a0 \u00a0 \u00a0 \u00a009-09-2018 Onda Cero.<a href=\"https:\/\/www.ondacero.es\/noticias\/sociedad\/cada-bebes-madres-que-beben-tiene-retrasos-neurocomportamentales_201809095b956ce70cf22a1aa82b4388.html\" target=\"_blank\" rel=\"noopener\">\u00a06 De cada 10 beb\u00e9s de madres que beben tiene retrasos neurocomportamentales<\/a><\/p>\n<p><a href=\"https:\/\/visualteaf.com\/wp-content\/uploads\/2018\/03\/Imagen1-2.png\"><img loading=\"lazy\" decoding=\"async\" class=\"alignnone wp-image-3239\" src=\"https:\/\/visualteaf.com\/wp-content\/uploads\/2018\/03\/Imagen1-2-300x207.png\" sizes=\"auto, (max-width: 38px) 100vw, 38px\" srcset=\"https:\/\/visualteaf.com\/wp-content\/uploads\/2018\/03\/Imagen1-2-300x207.png 300w, https:\/\/visualteaf.com\/wp-content\/uploads\/2018\/03\/Imagen1-2-500x330.png 500w, https:\/\/visualteaf.com\/wp-content\/uploads\/2018\/03\/Imagen1-2-600x413.png 600w, https:\/\/visualteaf.com\/wp-content\/uploads\/2018\/03\/Imagen1-2.png 697w\" alt=\"\" width=\"38\" height=\"26\" \/><\/a>\u00a0 \u00a0 \u00a0 \u00a0 \u00a008-09-2018 Catalunya Press.\u00a0<a href=\"https:\/\/www.catalunyapress.es\/texto-diario\/mostrar\/1180782\/mayoria-ninos-trastorno-alcoholico-fetal-tiene-problemas-mentales-cronicos\" target=\"_blank\" rel=\"noopener\">La mayor\u00eda de de ni\u00f1os con trastorno alcoh\u00f3lico fetal tiene problemas mentales cr\u00f3nicos<\/a><\/p>\n<p><a href=\"https:\/\/visualteaf.com\/wp-content\/uploads\/2018\/07\/embazada-.jpg\"><img loading=\"lazy\" decoding=\"async\" class=\"alignnone wp-image-4734\" src=\"https:\/\/visualteaf.com\/wp-content\/uploads\/2018\/07\/embazada--300x200.jpg\" sizes=\"auto, (max-width: 42px) 100vw, 42px\" srcset=\"https:\/\/visualteaf.com\/wp-content\/uploads\/2018\/07\/embazada--300x200.jpg 300w, https:\/\/visualteaf.com\/wp-content\/uploads\/2018\/07\/embazada--768x512.jpg 768w, https:\/\/visualteaf.com\/wp-content\/uploads\/2018\/07\/embazada--1024x683.jpg 1024w, https:\/\/visualteaf.com\/wp-content\/uploads\/2018\/07\/embazada--500x330.jpg 500w, https:\/\/visualteaf.com\/wp-content\/uploads\/2018\/07\/embazada--600x400.jpg 600w\" alt=\"\" width=\"42\" height=\"28\" \/><\/a>\u00a0 \u00a0 \u00a0 \u00a0 07-09-2018 I<em>nfosalus.\u00a0<\/em><a href=\"http:\/\/www.infosalus.com\/salud-investigacion\/noticia-riesgos-enfrentan-ninos-teaf-edad-adulta-20180907133538.html\" target=\"_blank\" rel=\"noopener\">Riesgos a los que se enfrentan los ni\u00f1os con TEAF en la edad adulta<\/a><\/p>\n<p><a href=\"https:\/\/visualteaf.com\/wp-content\/uploads\/2018\/09\/Video-Mas-consulting.jpg\"><img loading=\"lazy\" decoding=\"async\" class=\"alignnone wp-image-4858\" src=\"https:\/\/visualteaf.com\/wp-content\/uploads\/2018\/09\/Video-Mas-consulting-300x154.jpg\" sizes=\"auto, (max-width: 45px) 100vw, 45px\" srcset=\"https:\/\/visualteaf.com\/wp-content\/uploads\/2018\/09\/Video-Mas-consulting-300x154.jpg 300w, https:\/\/visualteaf.com\/wp-content\/uploads\/2018\/09\/Video-Mas-consulting-768x394.jpg 768w, https:\/\/visualteaf.com\/wp-content\/uploads\/2018\/09\/Video-Mas-consulting-1024x525.jpg 1024w, https:\/\/visualteaf.com\/wp-content\/uploads\/2018\/09\/Video-Mas-consulting-1100x564.jpg 1100w, https:\/\/visualteaf.com\/wp-content\/uploads\/2018\/09\/Video-Mas-consulting-600x308.jpg 600w\" alt=\"\" width=\"45\" height=\"23\" \/><\/a>\u00a0 \u00a0 \u00a0 \u00a007-09-2018 TV El Mundo. <a href=\"http:\/\/videos.elmundo.es\/v\/0_rxzpif7l-que-es-el-transtorno-del-especto-alcoholico-fetal-teaf-y-cuales-son-sus-consecuencias?uetv_pl=ciencia&amp;count=0\" target=\"_blank\" rel=\"noopener\">\u00bfQu\u00e9 es el Trastorno del espectro alcoh\u00f3lico fetal?<\/a><\/p>\n<p><a href=\"https:\/\/visualteaf.com\/wp-content\/uploads\/2018\/09\/El-mundo.png\"><img loading=\"lazy\" decoding=\"async\" class=\"alignnone wp-image-4900\" src=\"https:\/\/visualteaf.com\/wp-content\/uploads\/2018\/09\/El-mundo.png\" sizes=\"auto, (max-width: 40px) 100vw, 40px\" srcset=\"https:\/\/visualteaf.com\/wp-content\/uploads\/2018\/09\/El-mundo.png 225w, https:\/\/visualteaf.com\/wp-content\/uploads\/2018\/09\/El-mundo-150x150.png 150w, https:\/\/visualteaf.com\/wp-content\/uploads\/2018\/09\/El-mundo-105x105.png 105w, https:\/\/visualteaf.com\/wp-content\/uploads\/2018\/09\/El-mundo-100x100.png 100w\" alt=\"\" width=\"40\" height=\"40\" \/><\/a>\u00a0 \u00a0 \u00a0 \u00a0 07-09-2018 El Mundo.\u00a0<a href=\"http:\/\/www.elmundo.es\/ciencia-y-salud\/salud\/2018\/09\/07\/5b927ebce2704eb67d8b4646.html\" target=\"_blank\" rel=\"noopener\">No hay un consumo m\u00ednimo de alcohol seguro durante el embarazo<\/a><\/p>\n<p><a href=\"https:\/\/visualteaf.com\/wp-content\/uploads\/2018\/09\/La-vanguardia.jpg\"><img loading=\"lazy\" decoding=\"async\" class=\"alignnone wp-image-4873\" src=\"https:\/\/visualteaf.com\/wp-content\/uploads\/2018\/09\/La-vanguardia-300x160.jpg\" sizes=\"auto, (max-width: 46px) 100vw, 46px\" srcset=\"https:\/\/visualteaf.com\/wp-content\/uploads\/2018\/09\/La-vanguardia-300x164.jpg 300w, https:\/\/visualteaf.com\/wp-content\/uploads\/2018\/09\/La-vanguardia.jpg 307w\" alt=\"\" width=\"46\" height=\"24\" \/><\/a>\u00a0 \u00a0 \u00a0 \u00a007-09-2018 La Vanguardia.\u00a0<a href=\"https:\/\/www.lavanguardia.com\/vida\/20180907\/451685915580\/no-hay-un-consumo-minimo-de-alcohol-seguro-durante-el-embarazo-para-el-feto.html?utm_campaign=botones_sociales&amp;utm_source=twitter&amp;utm_medium=social\" target=\"_blank\" rel=\"noopener\">No hay un consumo m\u00ednimo de alcohol seguro durante el embarazo para el feto<\/a><\/p>\n<p><a href=\"https:\/\/visualteaf.com\/wp-content\/uploads\/2018\/09\/ser.png\"><img loading=\"lazy\" decoding=\"async\" class=\"alignnone wp-image-4885\" src=\"https:\/\/visualteaf.com\/wp-content\/uploads\/2018\/09\/ser-300x152.png\" alt=\"\" width=\"47\" height=\"24\" \/><\/a>\u00a0 \u00a0 \u00a0 05-09-2018 Cadena SER.\u00a0<a href=\"http:\/\/cadenaser.com\/ser\/2018\/09\/05\/sociedad\/1536164804_992848.html\" target=\"_blank\" rel=\"noopener\">El trastorno alcoh\u00f3lico fetal afecta al 50% de menores de Rusia y Ucrania adoptados en Catalu\u00f1a<\/a><\/p>\n<p><a href=\"https:\/\/visualteaf.com\/wp-content\/uploads\/2018\/09\/abc.jpg\"><img loading=\"lazy\" decoding=\"async\" class=\"alignnone wp-image-4876\" src=\"https:\/\/visualteaf.com\/wp-content\/uploads\/2018\/09\/abc-300x158.jpg\" sizes=\"auto, (max-width: 57px) 100vw, 57px\" srcset=\"https:\/\/visualteaf.com\/wp-content\/uploads\/2018\/09\/abc-300x158.jpg 300w, https:\/\/visualteaf.com\/wp-content\/uploads\/2018\/09\/abc-768x403.jpg 768w, https:\/\/visualteaf.com\/wp-content\/uploads\/2018\/09\/abc-1024x538.jpg 1024w, https:\/\/visualteaf.com\/wp-content\/uploads\/2018\/09\/abc-1100x564.jpg 1100w, https:\/\/visualteaf.com\/wp-content\/uploads\/2018\/09\/abc-600x315.jpg 600w, https:\/\/visualteaf.com\/wp-content\/uploads\/2018\/09\/abc.jpg 1200w\" alt=\"\" width=\"57\" height=\"30\" \/><\/a>\u00a0 \u00a0 05-09-2018 ABC familia.\u00a0<a href=\"https:\/\/www.abc.es\/familia\/padres-hijos\/abci-pense-ocultaban-informacion-enfermedad-hijo-201809050248_noticia.html\" target=\"_blank\" rel=\"noopener\">\u00abPens\u00e9 que me ocultaban informaci\u00f3n con la enfermedad de mi hijo\u00bb<\/a><\/p>\n<p><a href=\"https:\/\/visualteaf.com\/wp-content\/uploads\/2018\/09\/abc.jpg\"><img loading=\"lazy\" decoding=\"async\" class=\"alignnone wp-image-4876\" src=\"https:\/\/visualteaf.com\/wp-content\/uploads\/2018\/09\/abc-300x158.jpg\" sizes=\"auto, (max-width: 57px) 100vw, 57px\" srcset=\"https:\/\/visualteaf.com\/wp-content\/uploads\/2018\/09\/abc-300x158.jpg 300w, https:\/\/visualteaf.com\/wp-content\/uploads\/2018\/09\/abc-768x403.jpg 768w, https:\/\/visualteaf.com\/wp-content\/uploads\/2018\/09\/abc-1024x538.jpg 1024w, https:\/\/visualteaf.com\/wp-content\/uploads\/2018\/09\/abc-1100x564.jpg 1100w, https:\/\/visualteaf.com\/wp-content\/uploads\/2018\/09\/abc-600x315.jpg 600w, https:\/\/visualteaf.com\/wp-content\/uploads\/2018\/09\/abc.jpg 1200w\" alt=\"\" width=\"57\" height=\"30\" \/><\/a>\u00a0 \u00a0 05-09-2018 ABC.\u00a0<a href=\"https:\/\/www.abc.es\/familia\/abci-sindrome-alcoholico-fetal-peligro-beber-durante-embarazo-201809051251_video.html\" target=\"_blank\" rel=\"noopener\">S\u00edndrome alcoh\u00f3lico fetal, el peligro de beber durante el embarazo<\/a><\/p>\n<p><a href=\"https:\/\/visualteaf.com\/wp-content\/uploads\/2018\/09\/La-vanguardia.jpg\"><img loading=\"lazy\" decoding=\"async\" class=\"alignnone wp-image-4873\" src=\"https:\/\/visualteaf.com\/wp-content\/uploads\/2018\/09\/La-vanguardia-300x160.jpg\" sizes=\"auto, (max-width: 46px) 100vw, 46px\" srcset=\"https:\/\/visualteaf.com\/wp-content\/uploads\/2018\/09\/La-vanguardia-300x164.jpg 300w, https:\/\/visualteaf.com\/wp-content\/uploads\/2018\/09\/La-vanguardia.jpg 307w\" alt=\"\" width=\"46\" height=\"24\" \/><\/a>\u00a0 \u00a0 \u00a0 \u00a005-09-2018 La Vanguardia.\u00a0<a href=\"https:\/\/www.lavanguardia.com\/vida\/20180905\/451647050555\/mitad-adoptados-rusia-ucrania-sindrome-fetal.html\" target=\"_blank\" rel=\"noopener\">La mitad de los catalanes adoptados de Rusia y Ucrania tienen alg\u00fan tipo de TEAF<\/a><\/p>\n<p><a href=\"https:\/\/visualteaf.com\/wp-content\/uploads\/2018\/07\/embazada-.jpg\"><img loading=\"lazy\" decoding=\"async\" class=\"alignnone wp-image-4734\" src=\"https:\/\/visualteaf.com\/wp-content\/uploads\/2018\/07\/embazada--300x200.jpg\" sizes=\"auto, (max-width: 42px) 100vw, 42px\" srcset=\"https:\/\/visualteaf.com\/wp-content\/uploads\/2018\/07\/embazada--300x200.jpg 300w, https:\/\/visualteaf.com\/wp-content\/uploads\/2018\/07\/embazada--768x512.jpg 768w, https:\/\/visualteaf.com\/wp-content\/uploads\/2018\/07\/embazada--1024x683.jpg 1024w, https:\/\/visualteaf.com\/wp-content\/uploads\/2018\/07\/embazada--500x330.jpg 500w, https:\/\/visualteaf.com\/wp-content\/uploads\/2018\/07\/embazada--600x400.jpg 600w\" alt=\"\" width=\"42\" height=\"28\" \/><\/a>\u00a0 \u00a0 \u00a0 \u00a0 05-09-2018 Heraldo.\u00a0<a href=\"https:\/\/www.heraldo.es\/noticias\/nacional\/2018\/09\/05\/el-ninos-adoptados-cataluna-que-proceden-rusia-ucrania-sufren-alcoholismo-fetal-1265231-305.html\" target=\"_blank\" rel=\"noopener\">El 50% de ni\u00f1os adoptados en Catalu\u00f1a que proceden de Rusia y Ucrania sufren alcoholismo fetal<\/a><\/p>\n<p><a href=\"https:\/\/visualteaf.com\/wp-content\/uploads\/2018\/09\/Informe-generalitat.jpg\"><img loading=\"lazy\" decoding=\"async\" class=\"alignnone wp-image-4862\" src=\"https:\/\/visualteaf.com\/wp-content\/uploads\/2018\/09\/Informe-generalitat-300x225.jpg\" sizes=\"auto, (max-width: 38px) 100vw, 38px\" srcset=\"https:\/\/visualteaf.com\/wp-content\/uploads\/2018\/09\/Informe-generalitat-300x225.jpg 300w, https:\/\/visualteaf.com\/wp-content\/uploads\/2018\/09\/Informe-generalitat-520x390.jpg 520w, https:\/\/visualteaf.com\/wp-content\/uploads\/2018\/09\/Informe-generalitat-500x400.jpg 500w, https:\/\/visualteaf.com\/wp-content\/uploads\/2018\/09\/Informe-generalitat-600x450.jpg 600w, https:\/\/visualteaf.com\/wp-content\/uploads\/2018\/09\/Informe-generalitat.jpg 640w\" alt=\"\" width=\"38\" height=\"29\" \/><\/a>\u00a0 \u00a0 \u00a0 \u00a0 \u00a005-09-2018 Generalitat Catalunya.\u00a0<a href=\"http:\/\/drogues.gencat.cat\/es\/detalls\/Noticia\/teaf\" target=\"_blank\" rel=\"noopener\">Refuerzo en la prevenci\u00f3n y tratamiento de los ni\u00f1os y j\u00f3venes afectados TEAF<\/a><\/p>\n<p><a href=\"https:\/\/visualteaf.com\/wp-content\/uploads\/2018\/09\/Informe-generalitat.jpg\"><img loading=\"lazy\" decoding=\"async\" class=\"alignnone wp-image-4862\" src=\"https:\/\/visualteaf.com\/wp-content\/uploads\/2018\/09\/Informe-generalitat-300x225.jpg\" sizes=\"auto, (max-width: 38px) 100vw, 38px\" srcset=\"https:\/\/visualteaf.com\/wp-content\/uploads\/2018\/09\/Informe-generalitat-300x225.jpg 300w, https:\/\/visualteaf.com\/wp-content\/uploads\/2018\/09\/Informe-generalitat-520x390.jpg 520w, https:\/\/visualteaf.com\/wp-content\/uploads\/2018\/09\/Informe-generalitat-500x400.jpg 500w, https:\/\/visualteaf.com\/wp-content\/uploads\/2018\/09\/Informe-generalitat-600x450.jpg 600w, https:\/\/visualteaf.com\/wp-content\/uploads\/2018\/09\/Informe-generalitat.jpg 640w\" alt=\"\" width=\"38\" height=\"29\" \/><\/a>\u00a0 \u00a0 \u00a0 \u00a0 \u00a005-09-2018 Europa press.\u00a0<a href=\"http:\/\/www.europapress.es\/catalunya\/noticia-trastorno-alcoholico-fetal-afecta-50-menores-adoptados-rusia-ucrania-20180905143824.html\" target=\"_blank\" rel=\"noopener\">El trastorno alcoh\u00f3lico fetal afecta al 50% de menores adoptados en Catalu\u00f1a de Rusia y Ucrania<\/a><\/p>\n<p><a href=\"https:\/\/visualteaf.com\/wp-content\/uploads\/2018\/03\/visual-teaf.jpg\"><img loading=\"lazy\" decoding=\"async\" class=\"alignnone wp-image-3070\" src=\"https:\/\/visualteaf.com\/wp-content\/uploads\/2018\/03\/visual-teaf-300x235.jpg\" sizes=\"auto, (max-width: 41px) 100vw, 41px\" srcset=\"https:\/\/visualteaf.com\/wp-content\/uploads\/2018\/03\/visual-teaf-300x235.jpg 300w, https:\/\/visualteaf.com\/wp-content\/uploads\/2018\/03\/visual-teaf-768x602.jpg 768w, https:\/\/visualteaf.com\/wp-content\/uploads\/2018\/03\/visual-teaf-1024x803.jpg 1024w, https:\/\/visualteaf.com\/wp-content\/uploads\/2018\/03\/visual-teaf-500x420.jpg 500w, https:\/\/visualteaf.com\/wp-content\/uploads\/2018\/03\/visual-teaf-600x470.jpg 600w\" alt=\"Asociaci\u00f3n sin \u00e1nimo de lucro Visual TEAF\" width=\"41\" height=\"33\" \/><\/a>\u00a0 \u00a0 \u00a0 \u00a0 05-09-2018 Alerta Digital. <a href=\"http:\/\/www.alertadigital.com\/2018\/09\/05\/el-50-de-ninos-adoptados-en-cataluna-que-proceden-de-rusia-y-ucrania-sufren-alcoholismo-fetal\/\" target=\"_blank\" rel=\"noopener\">El 50% de los ni\u00f1os adoptados de Rusia y Ucrania sufren TEAF<\/a><\/p>\n","protected":false},"excerpt":{"rendered":"<p>Este a\u00f1o, para la celebraci\u00f3n del D\u00eda Mundial de los Trastornos del Espectro Alcoh\u00f3lico Fetal, distintas asociaciones que trabajamos por conseguir diagn\u00f3sticos, recursos y herramientas para aquellos menores, adolescentes y j\u00f3venes que sufren TEAF, as\u00ed como en la prevenci\u00f3n del consumo de alcohol en el embarazo, hemos decidido aunar esfuerzos para llegar de una manera [&hellip;]<\/p>\n","protected":false},"author":2,"featured_media":0,"comment_status":"closed","ping_status":"open","sticky":false,"template":"","format":"standard","meta":{"jetpack_post_was_ever_published":false,"_jetpack_newsletter_access":"","_jetpack_dont_email_post_to_subs":false,"_jetpack_newsletter_tier_id":0,"_jetpack_memberships_contains_paywalled_content":false,"_jetpack_memberships_contains_paid_content":false,"footnotes":"","jetpack_publicize_message":"","jetpack_publicize_feature_enabled":true,"jetpack_social_post_already_shared":true,"jetpack_social_options":{"image_generator_settings":{"template":"highway","default_image_id":0,"font":"","enabled":false},"version":2}},"categories":[20],"tags":[],"class_list":["post-790","post","type-post","status-publish","format-standard","hentry","category-blog"],"jetpack_publicize_connections":[],"jetpack_featured_media_url":"","jetpack_sharing_enabled":true,"jetpack_shortlink":"https:\/\/wp.me\/p9arT9-cK","jetpack-related-posts":[{"id":1261,"url":"https:\/\/toleranciacero.org.es\/web\/la-discapacidad-en-el-anteproyecto-de-ley-de-enjuiciamiento-criminal\/","url_meta":{"origin":790,"position":0},"title":"LA DISCAPACIDAD EN EL ANTEPROYECTO DE LEY DE ENJUICIAMIENTO CRIMINAL","author":"Tolerancia cero","date":"02\/03\/2021","format":false,"excerpt":"El Ministerio de Justicia\u00a0invit\u00f3 el pasado d\u00eda 26 de Febrero a\u00a0Tolerancia Cero\u00a0a participar en el tr\u00e1mite de\u00a0audiencia e informaci\u00f3n p\u00fablica del Anteproyecto de Ley Org\u00e1nica de Enjuiciamiento Criminal, para que formulara las propuestas y las aportaciones que considerara oportunas. Dado que desde\u00a0Tolerancia Cero\u00a0trabajamos en favor de los menores, adolescentes y\u2026","rel":"","context":"En \u00abBlog\u00bb","block_context":{"text":"Blog","link":"https:\/\/toleranciacero.org.es\/web\/category\/blog\/"},"img":{"alt_text":"","src":"","width":0,"height":0},"classes":[]},{"id":655,"url":"https:\/\/toleranciacero.org.es\/web\/trastorno-del-espectro-alcohol-fetal-10-estrategias-para-el-profesorado\/","url_meta":{"origin":790,"position":1},"title":"TRASTORNO DEL ESPECTRO ALCOHOL FETAL. 10 ESTRATEGIAS PARA EL PROFESORADO","author":"Tolerancia cero","date":"14\/03\/2018","format":false,"excerpt":"\u00a0 Cada alumno merece sentirse seguro, respetado, valorado y feliz en la escuela o en el instituto. Cada alumno merece, adem\u00e1s, creer y tener \u00e9xito en lo que hace. Desgraciadamente, este no es el caso para la mayor\u00eda de los ni\u00f1os, adolescentes y j\u00f3venes que han sufrido alg\u00fan tipo de\u2026","rel":"","context":"En \u00abBlog\u00bb","block_context":{"text":"Blog","link":"https:\/\/toleranciacero.org.es\/web\/category\/blog\/"},"img":{"alt_text":"","src":"","width":0,"height":0},"classes":[]},{"id":764,"url":"https:\/\/toleranciacero.org.es\/web\/cuando-aprender-es-volver-a-empezar\/","url_meta":{"origin":790,"position":2},"title":"CUANDO APRENDER ES VOLVER A EMPEZAR","author":"Tolerancia cero","date":"02\/08\/2018","format":false,"excerpt":"En la mitolog\u00eda griega se cuenta que S\u00edsifo fue obligado a cumplir un castigo, que consist\u00eda en empujar una piedra enorme cuesta arriba por una ladera empinada, pero antes de que alcanzase la cima de la colina la piedra siempre rodaba hacia abajo y S\u00edsifo ten\u00eda que empezar de nuevo\u2026","rel":"","context":"En \u00abBlog\u00bb","block_context":{"text":"Blog","link":"https:\/\/toleranciacero.org.es\/web\/category\/blog\/"},"img":{"alt_text":"","src":"https:\/\/i0.wp.com\/toleranciacero.org.es\/web\/wp-content\/uploads\/2018\/08\/Captura-de-pantalla-2018-08-02-a-las-11.32.48-300x179.png?resize=350%2C200&ssl=1","width":350,"height":200},"classes":[]},{"id":1206,"url":"https:\/\/toleranciacero.org.es\/web\/cuando-aprender-es-volver-a-empezar-guia-de-teaf-para-la-escuela\/","url_meta":{"origin":790,"position":3},"title":"CUANDO APRENDER ES VOLVER A EMPEZAR. Gu\u00eda de TEAF para la escuela.","author":"Tolerancia cero","date":"02\/04\/2020","format":false,"excerpt":"En estos momentos en los que el Estado de Alarma nos obliga a permanecer en casa y\u00a0 a que nuestros hijos estudien con nosotros, es importante que conozcamos algunas de las peculiaridades de su forma de aprender, algo que muchas veces no se tiene en cuenta en los centros escolares\u2026","rel":"","context":"En \u00abBlog\u00bb","block_context":{"text":"Blog","link":"https:\/\/toleranciacero.org.es\/web\/category\/blog\/"},"img":{"alt_text":"","src":"https:\/\/i0.wp.com\/adopcionpuntodeencuentro.com\/web\/wp-content\/uploads\/portada-gu%C3%ADa-341x450.jpg?resize=350%2C200","width":350,"height":200},"classes":[]},{"id":736,"url":"https:\/\/toleranciacero.org.es\/web\/se-puede-aprender-sin-unos-buenos-cimientos\/","url_meta":{"origin":790,"position":4},"title":"\u00bfSE PUEDE APRENDER SIN UNOS BUENOS CIMIENTOS?","author":"Tolerancia cero","date":"19\/06\/2018","format":false,"excerpt":"Si bien es cierto que no todos los ni\u00f1os y ni\u00f1as adoptados tienen problemas escolares, hay ciertos factores de riesgo que hay que tener en cuenta en relaci\u00f3n a este colectivo. En esta ocasi\u00f3n vamos a mencionar dos de los m\u00e1s frecuentes: la desnutrici\u00f3n y la escolarizaci\u00f3n tard\u00eda. Gracias a\u2026","rel":"","context":"En \u00abBlog\u00bb","block_context":{"text":"Blog","link":"https:\/\/toleranciacero.org.es\/web\/category\/blog\/"},"img":{"alt_text":"MURO CON HUECOS","src":"https:\/\/i0.wp.com\/margamunizaguilar.com\/web\/wp-content\/uploads\/2015\/02\/MURO-CON-HUECOS1.png?resize=350%2C200","width":350,"height":200},"classes":[]},{"id":1705,"url":"https:\/\/toleranciacero.org.es\/web\/empieza-el-curso-sin-ilusion-sin-interes-sin-motivacion\/","url_meta":{"origin":790,"position":5},"title":"\u00bfEmpieza el curso sin ilusi\u00f3n, sin inter\u00e9s, sin motivaci\u00f3n?","author":"Tolerancia cero","date":"25\/09\/2024","format":false,"excerpt":"Muchos estudiantes que han sufrido en el pasado Adversidad en la Infancia Temprana o que en la actualidad est\u00e1n sufriendo alg\u00fan tipo de bullying, o alguna forma de fracaso escolar, empiezan el nuevo curso escolar sin ilusi\u00f3n, sin inter\u00e9s, sin motivaci\u00f3n, con mucha ansiedad, con estr\u00e9s, depresivos... En ocasiones se\u2026","rel":"","context":"En \u00abBlog\u00bb","block_context":{"text":"Blog","link":"https:\/\/toleranciacero.org.es\/web\/category\/blog\/"},"img":{"alt_text":"","src":"https:\/\/i0.wp.com\/xn--margamuizaguilar-dub.es\/web\/wp-content\/uploads\/2024\/09\/Imagen1-1-600x396.png?resize=350%2C200&ssl=1","width":350,"height":200,"srcset":"https:\/\/i0.wp.com\/xn--margamuizaguilar-dub.es\/web\/wp-content\/uploads\/2024\/09\/Imagen1-1-600x396.png?resize=350%2C200&ssl=1 1x, https:\/\/i0.wp.com\/xn--margamuizaguilar-dub.es\/web\/wp-content\/uploads\/2024\/09\/Imagen1-1-600x396.png?resize=525%2C300&ssl=1 1.5x"},"classes":[]}],"jetpack_likes_enabled":true,"_links":{"self":[{"href":"https:\/\/toleranciacero.org.es\/web\/wp-json\/wp\/v2\/posts\/790","targetHints":{"allow":["GET"]}}],"collection":[{"href":"https:\/\/toleranciacero.org.es\/web\/wp-json\/wp\/v2\/posts"}],"about":[{"href":"https:\/\/toleranciacero.org.es\/web\/wp-json\/wp\/v2\/types\/post"}],"author":[{"embeddable":true,"href":"https:\/\/toleranciacero.org.es\/web\/wp-json\/wp\/v2\/users\/2"}],"replies":[{"embeddable":true,"href":"https:\/\/toleranciacero.org.es\/web\/wp-json\/wp\/v2\/comments?post=790"}],"version-history":[{"count":5,"href":"https:\/\/toleranciacero.org.es\/web\/wp-json\/wp\/v2\/posts\/790\/revisions"}],"predecessor-version":[{"id":796,"href":"https:\/\/toleranciacero.org.es\/web\/wp-json\/wp\/v2\/posts\/790\/revisions\/796"}],"wp:attachment":[{"href":"https:\/\/toleranciacero.org.es\/web\/wp-json\/wp\/v2\/media?parent=790"}],"wp:term":[{"taxonomy":"category","embeddable":true,"href":"https:\/\/toleranciacero.org.es\/web\/wp-json\/wp\/v2\/categories?post=790"},{"taxonomy":"post_tag","embeddable":true,"href":"https:\/\/toleranciacero.org.es\/web\/wp-json\/wp\/v2\/tags?post=790"}],"curies":[{"name":"wp","href":"https:\/\/api.w.org\/{rel}","templated":true}]}}